{"id":12603,"date":"2026-01-21T11:54:41","date_gmt":"2026-01-21T10:54:41","guid":{"rendered":"https:\/\/www.bastel-bastel.de\/blog\/?p=12603"},"modified":"2026-01-21T11:54:42","modified_gmt":"2026-01-21T10:54:42","slug":"jochens-wetterblog-am-22-1-2026","status":"publish","type":"post","link":"https:\/\/www.bastel-bastel.de\/blog\/index.php\/2026\/01\/21\/jochens-wetterblog-am-22-1-2026\/","title":{"rendered":"Jochens Wetterblog am 22.1.2026"},"content":{"rendered":"\n<figure class=\"wp-block-image size-large\"><img loading=\"lazy\" decoding=\"async\" width=\"683\" height=\"1024\" src=\"https:\/\/www.bastel-bastel.de\/blog\/wp-content\/uploads\/2017\/11\/MG_4816-683x1024.jpg\" alt=\"\" class=\"wp-image-4015\" srcset=\"https:\/\/www.bastel-bastel.de\/blog\/wp-content\/uploads\/2017\/11\/MG_4816-683x1024.jpg 683w, https:\/\/www.bastel-bastel.de\/blog\/wp-content\/uploads\/2017\/11\/MG_4816-200x300.jpg 200w, https:\/\/www.bastel-bastel.de\/blog\/wp-content\/uploads\/2017\/11\/MG_4816-768x1152.jpg 768w, https:\/\/www.bastel-bastel.de\/blog\/wp-content\/uploads\/2017\/11\/MG_4816-1024x1536.jpg 1024w, https:\/\/www.bastel-bastel.de\/blog\/wp-content\/uploads\/2017\/11\/MG_4816-1365x2048.jpg 1365w, https:\/\/www.bastel-bastel.de\/blog\/wp-content\/uploads\/2017\/11\/MG_4816-750x1125.jpg 750w, https:\/\/www.bastel-bastel.de\/blog\/wp-content\/uploads\/2017\/11\/MG_4816-scaled.jpg 1707w\" sizes=\"auto, (max-width: 683px) 100vw, 683px\" \/><\/figure>\n\n\n\n<p><strong>R\u00fcckblick<\/strong><\/p>\n\n\n\n<p>Das Hoch Christian sorgte f\u00fcr strahlenden Sonnenschein, kalte N\u00e4chte und trockene Luft.<br>Von Mittwoch bis Freitag lagen die Tages-H\u00f6chstwerte noch bei knapp 14 \u00b0C.<br>Nachts sanken die Temperaturen auf 0 \u00b0C bis 4 \u00b0C. Am Donnerstag fielen 4 l\/qm Niederschlag.<br>Ab Freitag breitete sich dann das gro\u00dfe Hochdruckgebiet aus.<br>Die N\u00e4chte wurden kalt, am Dienstag waren es frostige -4 \u00b0C.<br>Tags\u00fcber wurde es auch deutlich k\u00e4lter. Am Montag lag der Tages-H\u00f6chstwert bei unter 3 \u00b0C. Dichte Nebelfelder breiteten sich aus.<br>Die Landschaft \u00fcberzog sich in den Morgenstunden mit dickem Reif.<br>Wo sich die Sonne durchsetzen konnte, wurden die Tage richtig toll, in manchen Gebieten blieb der Nebel aber den ganzen Tag.<\/p>\n\n\n\n<p><strong>Ausblick<\/strong><br>Die Tage beginnen mit Nebel. Wo dieser sich aufl\u00f6st, kann es viel Sonne geben.<br>Es wird ziemlich frostig. Die H\u00f6chstwerte steigen kaum \u00fcber den Gefrierpunkt und die N\u00e4chte k\u00f6nnen bis unter -5 \u00b0C kalt werden. Es bleibt trocken.<\/p>\n","protected":false},"excerpt":{"rendered":"<p>R\u00fcckblick Das Hoch Christian sorgte f\u00fcr strahlenden Sonnenschein, kalte N\u00e4chte und trockene Luft.Von Mittwoch bis Freitag lagen die Tages-H\u00f6chstwerte noch<\/p>\n","protected":false},"author":1,"featured_media":0,"comment_status":"open","ping_status":"","sticky":false,"template":"","format":"standard","meta":{"footnotes":""},"categories":[21],"tags":[],"class_list":["post-12603","post","type-post","status-publish","format-standard","hentry","category-wetter-der-blog-zu-www-ingersheimwetter-de"],"_links":{"self":[{"href":"https:\/\/www.bastel-bastel.de\/blog\/index.php\/wp-json\/wp\/v2\/posts\/12603","targetHints":{"allow":["GET"]}}],"collection":[{"href":"https:\/\/www.bastel-bastel.de\/blog\/index.php\/wp-json\/wp\/v2\/posts"}],"about":[{"href":"https:\/\/www.bastel-bastel.de\/blog\/index.php\/wp-json\/wp\/v2\/types\/post"}],"author":[{"embeddable":true,"href":"https:\/\/www.bastel-bastel.de\/blog\/index.php\/wp-json\/wp\/v2\/users\/1"}],"replies":[{"embeddable":true,"href":"https:\/\/www.bastel-bastel.de\/blog\/index.php\/wp-json\/wp\/v2\/comments?post=12603"}],"version-history":[{"count":1,"href":"https:\/\/www.bastel-bastel.de\/blog\/index.php\/wp-json\/wp\/v2\/posts\/12603\/revisions"}],"predecessor-version":[{"id":12604,"href":"https:\/\/www.bastel-bastel.de\/blog\/index.php\/wp-json\/wp\/v2\/posts\/12603\/revisions\/12604"}],"wp:attachment":[{"href":"https:\/\/www.bastel-bastel.de\/blog\/index.php\/wp-json\/wp\/v2\/media?parent=12603"}],"wp:term":[{"taxonomy":"category","embeddable":true,"href":"https:\/\/www.bastel-bastel.de\/blog\/index.php\/wp-json\/wp\/v2\/categories?post=12603"},{"taxonomy":"post_tag","embeddable":true,"href":"https:\/\/www.bastel-bastel.de\/blog\/index.php\/wp-json\/wp\/v2\/tags?post=12603"}],"curies":[{"name":"wp","href":"https:\/\/api.w.org\/{rel}","templated":true}]}}