{"id":12547,"date":"2025-12-13T12:40:36","date_gmt":"2025-12-13T11:40:36","guid":{"rendered":"https:\/\/www.bastel-bastel.de\/blog\/?p=12547"},"modified":"2025-12-13T12:40:36","modified_gmt":"2025-12-13T11:40:36","slug":"jochens-wetterblog-am-11-12-2025","status":"publish","type":"post","link":"https:\/\/www.bastel-bastel.de\/blog\/index.php\/2025\/12\/13\/jochens-wetterblog-am-11-12-2025\/","title":{"rendered":"Jochens Wetterblog am 11.12.2025"},"content":{"rendered":"\n<figure class=\"wp-block-image size-large\"><img loading=\"lazy\" decoding=\"async\" width=\"768\" height=\"1024\" src=\"https:\/\/www.bastel-bastel.de\/blog\/wp-content\/uploads\/2018\/01\/20171220_wetter-768x1024.jpg\" alt=\"\" class=\"wp-image-3682\" srcset=\"https:\/\/www.bastel-bastel.de\/blog\/wp-content\/uploads\/2018\/01\/20171220_wetter-768x1024.jpg 768w, https:\/\/www.bastel-bastel.de\/blog\/wp-content\/uploads\/2018\/01\/20171220_wetter-225x300.jpg 225w, https:\/\/www.bastel-bastel.de\/blog\/wp-content\/uploads\/2018\/01\/20171220_wetter-750x1000.jpg 750w, https:\/\/www.bastel-bastel.de\/blog\/wp-content\/uploads\/2018\/01\/20171220_wetter.jpg 864w\" sizes=\"auto, (max-width: 768px) 100vw, 768px\" \/><\/figure>\n\n\n\n<p><strong>R\u00fcckblick<\/strong><\/p>\n\n\n\n<p>In den letzten Tagen war es f\u00fcr die Jahreszeit ungew\u00f6hnlich warm.<br>W\u00e4hrend es am Mittwoch noch Nachtfrost mit knapp -2 \u00b0C gab und die\u00a0Tagesh\u00f6chstwerte am Donnerstag nicht \u00fcber 4 \u00b0C stiegen, wurde es ab\u00a0Freitag immer w\u00e4rmer.<br>Am Sonntag erreichten die Temperaturen den zweistelligen Bereich und am\u00a0Montag sogar \u00fcber 16 \u00b0C.<br>Die Nacht zum Sonntag war mit knapp 10 \u00b0C Tiefsttemperatur ebenfalls\u00a0sehr warm f\u00fcr Dezember.<br>Die Sonne zeigte sich am Mittwoch 7 Stunden und am Dienstag knapp 6\u00a0Stunden, die anderen Tage waren \u00fcberwiegend tr\u00fcbe und dunkel.<br>Der Wind war die ganze Woche schwach und erreichte in B\u00f6en nur knapp 29\u00a0km\/h.<br>Am Sonntag regnete es knapp 10 l\/qm. Die anderen Tage blieben\u00a0niederschlagsfrei.<br>Durch kondensierende Luftfeuchte war die Landschaft morgens trotzdem\u00a0immer nass.<\/p>\n\n\n\n<p><strong>Ausblick<\/strong><\/p>\n\n\n\n<p>Die n\u00e4chsten Tage wird es oft tr\u00fcb und einen Tick k\u00fchler. Ab Samstag\u00a0bleiben die H\u00f6chsttemperaturen dann wieder einstellig.<br>Morgens kann es verbreitet Nebel geben und tags\u00fcber wird es \u00fcberwiegend\u00a0bew\u00f6lkt. Das Niederschlagsrisiko ist in den n\u00e4chsten Tage gering.<\/p>\n","protected":false},"excerpt":{"rendered":"<p>R\u00fcckblick In den letzten Tagen war es f\u00fcr die Jahreszeit ungew\u00f6hnlich warm.W\u00e4hrend es am Mittwoch noch Nachtfrost mit knapp -2<\/p>\n","protected":false},"author":1,"featured_media":0,"comment_status":"open","ping_status":"","sticky":false,"template":"","format":"standard","meta":{"footnotes":""},"categories":[21],"tags":[],"class_list":["post-12547","post","type-post","status-publish","format-standard","hentry","category-wetter-der-blog-zu-www-ingersheimwetter-de"],"_links":{"self":[{"href":"https:\/\/www.bastel-bastel.de\/blog\/index.php\/wp-json\/wp\/v2\/posts\/12547","targetHints":{"allow":["GET"]}}],"collection":[{"href":"https:\/\/www.bastel-bastel.de\/blog\/index.php\/wp-json\/wp\/v2\/posts"}],"about":[{"href":"https:\/\/www.bastel-bastel.de\/blog\/index.php\/wp-json\/wp\/v2\/types\/post"}],"author":[{"embeddable":true,"href":"https:\/\/www.bastel-bastel.de\/blog\/index.php\/wp-json\/wp\/v2\/users\/1"}],"replies":[{"embeddable":true,"href":"https:\/\/www.bastel-bastel.de\/blog\/index.php\/wp-json\/wp\/v2\/comments?post=12547"}],"version-history":[{"count":1,"href":"https:\/\/www.bastel-bastel.de\/blog\/index.php\/wp-json\/wp\/v2\/posts\/12547\/revisions"}],"predecessor-version":[{"id":12548,"href":"https:\/\/www.bastel-bastel.de\/blog\/index.php\/wp-json\/wp\/v2\/posts\/12547\/revisions\/12548"}],"wp:attachment":[{"href":"https:\/\/www.bastel-bastel.de\/blog\/index.php\/wp-json\/wp\/v2\/media?parent=12547"}],"wp:term":[{"taxonomy":"category","embeddable":true,"href":"https:\/\/www.bastel-bastel.de\/blog\/index.php\/wp-json\/wp\/v2\/categories?post=12547"},{"taxonomy":"post_tag","embeddable":true,"href":"https:\/\/www.bastel-bastel.de\/blog\/index.php\/wp-json\/wp\/v2\/tags?post=12547"}],"curies":[{"name":"wp","href":"https:\/\/api.w.org\/{rel}","templated":true}]}}