{"id":12545,"date":"2025-12-09T10:56:00","date_gmt":"2025-12-09T09:56:00","guid":{"rendered":"https:\/\/www.bastel-bastel.de\/blog\/?p=12545"},"modified":"2025-12-09T10:56:01","modified_gmt":"2025-12-09T09:56:01","slug":"jochens-wetterblog-am-4-12-2025","status":"publish","type":"post","link":"https:\/\/www.bastel-bastel.de\/blog\/index.php\/2025\/12\/09\/jochens-wetterblog-am-4-12-2025\/","title":{"rendered":"Jochens Wetterblog am 4.12.2025"},"content":{"rendered":"\n<figure class=\"wp-block-image size-large\"><img loading=\"lazy\" decoding=\"async\" width=\"774\" height=\"1024\" src=\"https:\/\/www.bastel-bastel.de\/blog\/wp-content\/uploads\/2018\/12\/IMG_20181201_121901-774x1024.jpg\" alt=\"\" class=\"wp-image-3753\" srcset=\"https:\/\/www.bastel-bastel.de\/blog\/wp-content\/uploads\/2018\/12\/IMG_20181201_121901-774x1024.jpg 774w, https:\/\/www.bastel-bastel.de\/blog\/wp-content\/uploads\/2018\/12\/IMG_20181201_121901-227x300.jpg 227w, https:\/\/www.bastel-bastel.de\/blog\/wp-content\/uploads\/2018\/12\/IMG_20181201_121901-768x1016.jpg 768w, https:\/\/www.bastel-bastel.de\/blog\/wp-content\/uploads\/2018\/12\/IMG_20181201_121901-1161x1536.jpg 1161w, https:\/\/www.bastel-bastel.de\/blog\/wp-content\/uploads\/2018\/12\/IMG_20181201_121901-1548x2048.jpg 1548w, https:\/\/www.bastel-bastel.de\/blog\/wp-content\/uploads\/2018\/12\/IMG_20181201_121901-750x992.jpg 750w, https:\/\/www.bastel-bastel.de\/blog\/wp-content\/uploads\/2018\/12\/IMG_20181201_121901-scaled.jpg 1935w\" sizes=\"auto, (max-width: 774px) 100vw, 774px\" \/><\/figure>\n\n\n\n<p><strong>R\u00fcckblick<\/strong><\/p>\n\n\n\n<p>Der November hat sich tr\u00fcbe, nass und kalt verabschiedet.<br>Von Mittwoch bis Sonntag gab es keine 2 Sonnenstunden.<br>Daf\u00fcr fiel immer wieder etwas Regen.<br>12 l\/qm sind bis zum Monatsende noch einmal zusammengekommen.<br>Die Temperaturen erreichten am Samstag fast 11 \u00b0C, die anderen Tage\u00a0blieben einstellig.<br>Nachts sanken die Werte auf unter 3 \u00b0C.<br>Die neue Woche startete mit leichtem Nachtfrost.<br>Daf\u00fcr stiegen die Werte im Tagesverlauf am Dienstag wieder auf \u00fcber 10 \u00b0C.<br>Mit nur 1 Grad Abweichung lag der November fast auf Normalwert. 6\u00a0Frosttage und sogar 1 Eistag wurden gez\u00e4hlt.<br>Mit 6 bzw. 7 Sonnenstunden legte der Dezember am Montag und Dienstag\u00a0<br>einen sonnigen Start hin. Nach Nebelaufl\u00f6sung wurde es richtig sch\u00f6n. 15 Sonnenstunden kamen so\u00a0<br>zusammen.<br>Dabei blieb es Niederschlagsfrei.<br>Der Wind war nur wenig aktiv und erreichten in B\u00f6en bis 31 km\/h.<\/p>\n\n\n\n<p><strong>Ausblick<\/strong><\/p>\n\n\n\n<p>In den n\u00e4chsten Tagen geht es kalt weiter.<br>Tags\u00fcber werden H\u00f6chstwerte zwischen 4 \u00b0C und 10 \u00b0C erwartet, nachts\u00a0 kann es bis auf 0 \u00b0C abk\u00fchlen.<br>Die Tage beginnen mit Nebel und am Wochenende soll es nass werden.<\/p>\n","protected":false},"excerpt":{"rendered":"<p>R\u00fcckblick Der November hat sich tr\u00fcbe, nass und kalt verabschiedet.Von Mittwoch bis Sonntag gab es keine 2 Sonnenstunden.Daf\u00fcr fiel immer<\/p>\n","protected":false},"author":1,"featured_media":0,"comment_status":"open","ping_status":"","sticky":false,"template":"","format":"standard","meta":{"footnotes":""},"categories":[21],"tags":[],"class_list":["post-12545","post","type-post","status-publish","format-standard","hentry","category-wetter-der-blog-zu-www-ingersheimwetter-de"],"_links":{"self":[{"href":"https:\/\/www.bastel-bastel.de\/blog\/index.php\/wp-json\/wp\/v2\/posts\/12545","targetHints":{"allow":["GET"]}}],"collection":[{"href":"https:\/\/www.bastel-bastel.de\/blog\/index.php\/wp-json\/wp\/v2\/posts"}],"about":[{"href":"https:\/\/www.bastel-bastel.de\/blog\/index.php\/wp-json\/wp\/v2\/types\/post"}],"author":[{"embeddable":true,"href":"https:\/\/www.bastel-bastel.de\/blog\/index.php\/wp-json\/wp\/v2\/users\/1"}],"replies":[{"embeddable":true,"href":"https:\/\/www.bastel-bastel.de\/blog\/index.php\/wp-json\/wp\/v2\/comments?post=12545"}],"version-history":[{"count":1,"href":"https:\/\/www.bastel-bastel.de\/blog\/index.php\/wp-json\/wp\/v2\/posts\/12545\/revisions"}],"predecessor-version":[{"id":12546,"href":"https:\/\/www.bastel-bastel.de\/blog\/index.php\/wp-json\/wp\/v2\/posts\/12545\/revisions\/12546"}],"wp:attachment":[{"href":"https:\/\/www.bastel-bastel.de\/blog\/index.php\/wp-json\/wp\/v2\/media?parent=12545"}],"wp:term":[{"taxonomy":"category","embeddable":true,"href":"https:\/\/www.bastel-bastel.de\/blog\/index.php\/wp-json\/wp\/v2\/categories?post=12545"},{"taxonomy":"post_tag","embeddable":true,"href":"https:\/\/www.bastel-bastel.de\/blog\/index.php\/wp-json\/wp\/v2\/tags?post=12545"}],"curies":[{"name":"wp","href":"https:\/\/api.w.org\/{rel}","templated":true}]}}