{"id":12335,"date":"2025-06-11T11:07:09","date_gmt":"2025-06-11T09:07:09","guid":{"rendered":"https:\/\/www.bastel-bastel.de\/blog\/?p=12335"},"modified":"2025-06-11T11:07:10","modified_gmt":"2025-06-11T09:07:10","slug":"jochens-wetterblog-am-12-6-2025","status":"publish","type":"post","link":"https:\/\/www.bastel-bastel.de\/blog\/index.php\/2025\/06\/11\/jochens-wetterblog-am-12-6-2025\/","title":{"rendered":"Jochens Wetterblog am 12.6.2025"},"content":{"rendered":"\n<figure class=\"wp-block-image size-large\"><img loading=\"lazy\" decoding=\"async\" width=\"683\" height=\"1024\" src=\"https:\/\/www.bastel-bastel.de\/blog\/wp-content\/uploads\/2019\/04\/DSC06741-683x1024.jpg\" alt=\"\" class=\"wp-image-4128\" srcset=\"https:\/\/www.bastel-bastel.de\/blog\/wp-content\/uploads\/2019\/04\/DSC06741-683x1024.jpg 683w, https:\/\/www.bastel-bastel.de\/blog\/wp-content\/uploads\/2019\/04\/DSC06741-200x300.jpg 200w, https:\/\/www.bastel-bastel.de\/blog\/wp-content\/uploads\/2019\/04\/DSC06741-768x1152.jpg 768w, https:\/\/www.bastel-bastel.de\/blog\/wp-content\/uploads\/2019\/04\/DSC06741-750x1125.jpg 750w, https:\/\/www.bastel-bastel.de\/blog\/wp-content\/uploads\/2019\/04\/DSC06741.jpg 800w\" sizes=\"auto, (max-width: 683px) 100vw, 683px\" \/><\/figure>\n\n\n\n<p><strong>R\u00fcckblick<\/strong><br>Erst gab es richtig viel Niederschlag, dann kam der Rauch von den Waldbr\u00e4nden in Kanada zu uns.<br>Letzte Woche zog die sogenannte Schafsk\u00e4lte bei uns durch.<br>So richtig kalt wurde es nicht, aber deutlich k\u00fchler, als in der Vorwoche.<br>Am Sonntag wurden tags\u00fcber nur noch 19 \u00b0C erreicht. Die N\u00e4chte blieben bis Sonntag zweistellig.<br>In der Nacht zum Montag sanken die Temperaturen auf frische 7 \u00b0C.<br>14 l\/qm Niederschlag fielen am Mittwoch und am Freitag kam noch einmal dieselbe Menge dazu.<br>Samstag und Sonntag brachten zusammen weitere 8 l\/qm. Insgesamt kamen so 36 l\/qm Regen zusammen.<br>Das ist eine ordentliche Menge.<br>Der Dienstag war dann schon wieder ein Sommertag mit \u00fcber 26 \u00b0C.<br>Allerdings blieb es recht diesig.<br>Diesmal war es jedoch kein Saharastaub, sondern Rauch von den Waldbr\u00e4nden in Kanada!<\/p>\n\n\n\n<p><strong>Ausblick<\/strong><br>Hitze voraus! Bis \u00fcber 34 \u00b0C sollen die Temperaturen am Wochenende erreichen. <br>Es wird schw\u00fcl und f\u00fcr Sonntag sind dann bereits wieder Gewitter vorhergesagt. <br>Dabei wird es dann auf normale Sommertemperaturen abk\u00fchlen.<\/p>\n","protected":false},"excerpt":{"rendered":"<p>R\u00fcckblickErst gab es richtig viel Niederschlag, dann kam der Rauch von den Waldbr\u00e4nden in Kanada zu uns.Letzte Woche zog die<\/p>\n","protected":false},"author":1,"featured_media":0,"comment_status":"open","ping_status":"","sticky":false,"template":"","format":"standard","meta":{"footnotes":""},"categories":[21],"tags":[],"class_list":["post-12335","post","type-post","status-publish","format-standard","hentry","category-wetter-der-blog-zu-www-ingersheimwetter-de"],"_links":{"self":[{"href":"https:\/\/www.bastel-bastel.de\/blog\/index.php\/wp-json\/wp\/v2\/posts\/12335","targetHints":{"allow":["GET"]}}],"collection":[{"href":"https:\/\/www.bastel-bastel.de\/blog\/index.php\/wp-json\/wp\/v2\/posts"}],"about":[{"href":"https:\/\/www.bastel-bastel.de\/blog\/index.php\/wp-json\/wp\/v2\/types\/post"}],"author":[{"embeddable":true,"href":"https:\/\/www.bastel-bastel.de\/blog\/index.php\/wp-json\/wp\/v2\/users\/1"}],"replies":[{"embeddable":true,"href":"https:\/\/www.bastel-bastel.de\/blog\/index.php\/wp-json\/wp\/v2\/comments?post=12335"}],"version-history":[{"count":1,"href":"https:\/\/www.bastel-bastel.de\/blog\/index.php\/wp-json\/wp\/v2\/posts\/12335\/revisions"}],"predecessor-version":[{"id":12336,"href":"https:\/\/www.bastel-bastel.de\/blog\/index.php\/wp-json\/wp\/v2\/posts\/12335\/revisions\/12336"}],"wp:attachment":[{"href":"https:\/\/www.bastel-bastel.de\/blog\/index.php\/wp-json\/wp\/v2\/media?parent=12335"}],"wp:term":[{"taxonomy":"category","embeddable":true,"href":"https:\/\/www.bastel-bastel.de\/blog\/index.php\/wp-json\/wp\/v2\/categories?post=12335"},{"taxonomy":"post_tag","embeddable":true,"href":"https:\/\/www.bastel-bastel.de\/blog\/index.php\/wp-json\/wp\/v2\/tags?post=12335"}],"curies":[{"name":"wp","href":"https:\/\/api.w.org\/{rel}","templated":true}]}}