{"id":12330,"date":"2025-06-04T11:33:01","date_gmt":"2025-06-04T09:33:01","guid":{"rendered":"https:\/\/www.bastel-bastel.de\/blog\/?p=12330"},"modified":"2025-06-04T12:12:23","modified_gmt":"2025-06-04T10:12:23","slug":"jochens-wetterblog-am-5-6-2025","status":"publish","type":"post","link":"https:\/\/www.bastel-bastel.de\/blog\/index.php\/2025\/06\/04\/jochens-wetterblog-am-5-6-2025\/","title":{"rendered":"Jochens Wetterblog am 5.6.2025"},"content":{"rendered":"\n<figure class=\"wp-block-image size-large is-resized\"><img loading=\"lazy\" decoding=\"async\" width=\"720\" height=\"1024\" src=\"https:\/\/www.bastel-bastel.de\/blog\/wp-content\/uploads\/2024\/07\/20240718_wetter-720x1024.jpg\" alt=\"\" class=\"wp-image-11809\" style=\"width:880px;height:auto\" srcset=\"https:\/\/www.bastel-bastel.de\/blog\/wp-content\/uploads\/2024\/07\/20240718_wetter-720x1024.jpg 720w, https:\/\/www.bastel-bastel.de\/blog\/wp-content\/uploads\/2024\/07\/20240718_wetter-211x300.jpg 211w, https:\/\/www.bastel-bastel.de\/blog\/wp-content\/uploads\/2024\/07\/20240718_wetter-768x1092.jpg 768w, https:\/\/www.bastel-bastel.de\/blog\/wp-content\/uploads\/2024\/07\/20240718_wetter-1080x1536.jpg 1080w, https:\/\/www.bastel-bastel.de\/blog\/wp-content\/uploads\/2024\/07\/20240718_wetter-1440x2048.jpg 1440w, https:\/\/www.bastel-bastel.de\/blog\/wp-content\/uploads\/2024\/07\/20240718_wetter-scaled.jpg 1800w\" sizes=\"auto, (max-width: 720px) 100vw, 720px\" \/><\/figure>\n\n\n\n<p><strong>R\u00fcckblick<\/strong><\/p>\n\n\n\n<p>Gewittertage liegen hinter uns.<br>Die Temperaturen sind in den letzten Maitagen auf immer neue H\u00f6chstwerte gestiegen.<br>Die N\u00e4chte waren sehr mild. Die Tiefstwerte lagen zwischen 12 \u00b0C und 17 \u00b0C.<br>Hei\u00dfe Tage mit 31 \u00b0C am Freitag und \u00fcber 34 \u00b0C am Samstag erzeugten viel Energie in der Atmosph\u00e4re.<br>Am Samstag zogen Gewitter vorbei. Diese brachten uns 4 l\/qm Regen und Sturmb\u00f6en bis 75 km\/h.<br>Der Sonntag erreichte noch einmal fast 30 \u00b0C. Es brodelte in der Wetterk\u00fcche. In der Nacht zum Montag streiften uns wieder heftige Gewitter. Blitz und Donner st\u00f6rten von Mitternacht bis Montag fr\u00fch um 3 Uhr die Nachtruhe. Dabei kamen \u00fcber 12l\/qm Niederschlag zusammen.<br>Insgesamt regnete es in der letzten Woche knapp 20 l\/qm.<br>Die Sonne zeigte sich am Freitag und Samstag jeweils \u00fcber 11 Stunden, die anderen Tage waren recht wechselhaft. Mittwoch und Montag schaffte es die Sonne kaum durch die Wolken. So kamen insgesamt 46 Sonnenstunden zusammen.<\/p>\n\n\n\n<p><strong>Ausblick<\/strong><br>Es geht wohl nass weiter. F\u00fcr Freitag bis Sonntag sind jeweils 80-90% Regenwahrscheinlichkeit vorhergesagt.<br>Die H\u00f6chstwerte erreichen kaum noch 20 \u00b0C, die N\u00e4chte bleiben dagegen recht mild.<br>Die n\u00e4chste Woche beginnt trockener, wird aber k\u00fchler. Die Schafsk\u00e4lte ist im Anmarsch.<\/p>\n\n\n\n<p><\/p>\n","protected":false},"excerpt":{"rendered":"<p>R\u00fcckblick Gewittertage liegen hinter uns.Die Temperaturen sind in den letzten Maitagen auf immer neue H\u00f6chstwerte gestiegen.Die N\u00e4chte waren sehr mild.<\/p>\n","protected":false},"author":1,"featured_media":0,"comment_status":"open","ping_status":"","sticky":false,"template":"","format":"standard","meta":{"footnotes":""},"categories":[21],"tags":[],"class_list":["post-12330","post","type-post","status-publish","format-standard","hentry","category-wetter-der-blog-zu-www-ingersheimwetter-de"],"_links":{"self":[{"href":"https:\/\/www.bastel-bastel.de\/blog\/index.php\/wp-json\/wp\/v2\/posts\/12330","targetHints":{"allow":["GET"]}}],"collection":[{"href":"https:\/\/www.bastel-bastel.de\/blog\/index.php\/wp-json\/wp\/v2\/posts"}],"about":[{"href":"https:\/\/www.bastel-bastel.de\/blog\/index.php\/wp-json\/wp\/v2\/types\/post"}],"author":[{"embeddable":true,"href":"https:\/\/www.bastel-bastel.de\/blog\/index.php\/wp-json\/wp\/v2\/users\/1"}],"replies":[{"embeddable":true,"href":"https:\/\/www.bastel-bastel.de\/blog\/index.php\/wp-json\/wp\/v2\/comments?post=12330"}],"version-history":[{"count":1,"href":"https:\/\/www.bastel-bastel.de\/blog\/index.php\/wp-json\/wp\/v2\/posts\/12330\/revisions"}],"predecessor-version":[{"id":12333,"href":"https:\/\/www.bastel-bastel.de\/blog\/index.php\/wp-json\/wp\/v2\/posts\/12330\/revisions\/12333"}],"wp:attachment":[{"href":"https:\/\/www.bastel-bastel.de\/blog\/index.php\/wp-json\/wp\/v2\/media?parent=12330"}],"wp:term":[{"taxonomy":"category","embeddable":true,"href":"https:\/\/www.bastel-bastel.de\/blog\/index.php\/wp-json\/wp\/v2\/categories?post=12330"},{"taxonomy":"post_tag","embeddable":true,"href":"https:\/\/www.bastel-bastel.de\/blog\/index.php\/wp-json\/wp\/v2\/tags?post=12330"}],"curies":[{"name":"wp","href":"https:\/\/api.w.org\/{rel}","templated":true}]}}