{"id":12212,"date":"2025-03-19T09:57:21","date_gmt":"2025-03-19T08:57:21","guid":{"rendered":"https:\/\/www.bastel-bastel.de\/blog\/?p=12212"},"modified":"2025-03-19T09:57:21","modified_gmt":"2025-03-19T08:57:21","slug":"jochens-wetterblog-am-20-3-2025","status":"publish","type":"post","link":"https:\/\/www.bastel-bastel.de\/blog\/index.php\/2025\/03\/19\/jochens-wetterblog-am-20-3-2025\/","title":{"rendered":"Jochens Wetterblog am 20.3.2025"},"content":{"rendered":"\n<figure class=\"wp-block-image size-large\"><img loading=\"lazy\" decoding=\"async\" width=\"771\" height=\"1024\" src=\"https:\/\/www.bastel-bastel.de\/blog\/wp-content\/uploads\/2025\/03\/PXL_20240326_095649217-771x1024.jpg\" alt=\"\" class=\"wp-image-12213\" srcset=\"https:\/\/www.bastel-bastel.de\/blog\/wp-content\/uploads\/2025\/03\/PXL_20240326_095649217-771x1024.jpg 771w, https:\/\/www.bastel-bastel.de\/blog\/wp-content\/uploads\/2025\/03\/PXL_20240326_095649217-226x300.jpg 226w, https:\/\/www.bastel-bastel.de\/blog\/wp-content\/uploads\/2025\/03\/PXL_20240326_095649217-768x1019.jpg 768w, https:\/\/www.bastel-bastel.de\/blog\/wp-content\/uploads\/2025\/03\/PXL_20240326_095649217.jpg 904w\" sizes=\"auto, (max-width: 771px) 100vw, 771px\" \/><\/figure>\n\n\n\n<p><strong>R\u00fcckblick<\/strong><\/p>\n\n\n\n<p>Das war eine ziemlich tr\u00fcbe Woche, aber am Dienstag gab es Sonne satt!<br>Von Mittwoch bis Sonntag kamen gerade einmal 2 Sonnenstunden zusammen.<br>Am Mittwoch regnete es dazu auch noch \u00fcber 14 l\/qm, ab Donnerstag wurde es trockener.<br>Am Montag waren die Wolken dann nicht mehr so dicht und es gab knapp 4 Stunden Sonnenschein.<br>Der Dienstag startete mit -2 \u00b0C im Frostbereich.<br>Die Sonne schien den ganzen Tag bei weitgehend wolkenfreiem Himmel.<br>Es wurde nur langsam w\u00e4rmer, aber bis Mittag stieg die Temperatur auf \u00fcber 12 \u00b0C.<br>Dabei kamen \u00fcber 10 Sonnenstunden zusammen, beinahe doppelt so viel, wie an den anderen Tagen zusammen.<br>Laut den Nachrichten wurde dabei deutschlandweit so viel Sonnenstrom erzeugt, wie noch nie zuvor!<br>Der Wind erreichte in B\u00f6en um die 36 km\/h.<br>Die N\u00e4chte waren ziemlich kalt. Von Samstag bis Dienstag gab es jeweils Nachtfrost.<br>Tags\u00fcber stiegen die Temperaturen nur ganz zaghaft an und blieben im einstelligen Wertebereich.<br>Erst am Dienstag wurde es mit \u00fcber 12 \u00b0C etwas w\u00e4rmer.<\/p>\n\n\n\n<p><strong>Ausblick<\/strong><br>\u00dcber 20 \u00b0C in Sicht!<br>Es wird w\u00e4rmer und f\u00fcr Freitag sind fr\u00fchlingshafte Temperaturen angek\u00fcndigt. Leider wird es auch wolkiger, die Sonne zeigt sich immer weniger.<br>Es soll aber trocken bleiben. Erst f\u00fcr Sonntag ist Regen vorhergesagt.<br>Die N\u00e4chte werden langsam milder. Ab Freitag bleibt es auch nachts frostfrei.<\/p>\n","protected":false},"excerpt":{"rendered":"<p>R\u00fcckblick Das war eine ziemlich tr\u00fcbe Woche, aber am Dienstag gab es Sonne satt!Von Mittwoch bis Sonntag kamen gerade einmal<\/p>\n","protected":false},"author":1,"featured_media":0,"comment_status":"open","ping_status":"0","sticky":false,"template":"","format":"standard","meta":{"footnotes":""},"categories":[21],"tags":[],"class_list":["post-12212","post","type-post","status-publish","format-standard","hentry","category-wetter-der-blog-zu-www-ingersheimwetter-de"],"_links":{"self":[{"href":"https:\/\/www.bastel-bastel.de\/blog\/index.php\/wp-json\/wp\/v2\/posts\/12212","targetHints":{"allow":["GET"]}}],"collection":[{"href":"https:\/\/www.bastel-bastel.de\/blog\/index.php\/wp-json\/wp\/v2\/posts"}],"about":[{"href":"https:\/\/www.bastel-bastel.de\/blog\/index.php\/wp-json\/wp\/v2\/types\/post"}],"author":[{"embeddable":true,"href":"https:\/\/www.bastel-bastel.de\/blog\/index.php\/wp-json\/wp\/v2\/users\/1"}],"replies":[{"embeddable":true,"href":"https:\/\/www.bastel-bastel.de\/blog\/index.php\/wp-json\/wp\/v2\/comments?post=12212"}],"version-history":[{"count":1,"href":"https:\/\/www.bastel-bastel.de\/blog\/index.php\/wp-json\/wp\/v2\/posts\/12212\/revisions"}],"predecessor-version":[{"id":12214,"href":"https:\/\/www.bastel-bastel.de\/blog\/index.php\/wp-json\/wp\/v2\/posts\/12212\/revisions\/12214"}],"wp:attachment":[{"href":"https:\/\/www.bastel-bastel.de\/blog\/index.php\/wp-json\/wp\/v2\/media?parent=12212"}],"wp:term":[{"taxonomy":"category","embeddable":true,"href":"https:\/\/www.bastel-bastel.de\/blog\/index.php\/wp-json\/wp\/v2\/categories?post=12212"},{"taxonomy":"post_tag","embeddable":true,"href":"https:\/\/www.bastel-bastel.de\/blog\/index.php\/wp-json\/wp\/v2\/tags?post=12212"}],"curies":[{"name":"wp","href":"https:\/\/api.w.org\/{rel}","templated":true}]}}