{"id":12187,"date":"2025-03-05T11:15:54","date_gmt":"2025-03-05T10:15:54","guid":{"rendered":"https:\/\/www.bastel-bastel.de\/blog\/?p=12187"},"modified":"2025-03-05T11:15:54","modified_gmt":"2025-03-05T10:15:54","slug":"jochens-wetterblog-am-6-3-2025","status":"publish","type":"post","link":"https:\/\/www.bastel-bastel.de\/blog\/index.php\/2025\/03\/05\/jochens-wetterblog-am-6-3-2025\/","title":{"rendered":"Jochens Wetterblog am 6.3.2025"},"content":{"rendered":"\n<figure class=\"wp-block-image size-large\"><img loading=\"lazy\" decoding=\"async\" width=\"723\" height=\"1024\" src=\"https:\/\/www.bastel-bastel.de\/blog\/wp-content\/uploads\/2025\/03\/20250306_wetter-723x1024.jpeg\" alt=\"\" class=\"wp-image-12188\" srcset=\"https:\/\/www.bastel-bastel.de\/blog\/wp-content\/uploads\/2025\/03\/20250306_wetter-723x1024.jpeg 723w, https:\/\/www.bastel-bastel.de\/blog\/wp-content\/uploads\/2025\/03\/20250306_wetter-212x300.jpeg 212w, https:\/\/www.bastel-bastel.de\/blog\/wp-content\/uploads\/2025\/03\/20250306_wetter-768x1087.jpeg 768w, https:\/\/www.bastel-bastel.de\/blog\/wp-content\/uploads\/2025\/03\/20250306_wetter-1085x1536.jpeg 1085w, https:\/\/www.bastel-bastel.de\/blog\/wp-content\/uploads\/2025\/03\/20250306_wetter.jpeg 1130w\" sizes=\"auto, (max-width: 723px) 100vw, 723px\" \/><\/figure>\n\n\n\n<p><strong>R\u00fcckblick<\/strong><\/p>\n\n\n\n<p>Am Samstag war meteorolgische Fr\u00fchlingsanfang (Meteorologen rechnen mit ganzen Monaten, w\u00e4hrend sich der astronomische Fr\u00fchling nach der Tag- und Nachtgleiche richtet und daher erst am 20.3. ist). Man k\u00f6nnte meinen, das Wetter w\u00fcrde sich nach dem Kalender richten, denn ab dem Wochenende wurde es deutlich freundlicher.<br>Am Mittwoch gab es noch Windb\u00f6en bis 51 km\/h, ab Donnerstag wurde der Wind geringer.<br>Bis Samstag fiel immer wieder etwas Niederschlag, insgesamt kamen 7 l\/qm zusammen, danach wurde es trocken.<br>Die Wolken verzogen sich und ab Sonntag gab es tags\u00fcber strahlenden Sonnenschein mit t\u00e4glich \u00fcber 8 Sonnenstunden.<br>Die H\u00f6chsttemperaturen stiegen langsam an und erreichten am Dienstag knapp 16 \u00b0C.<br>Bei wenig Wind f\u00fchlte es sich sogar noch deutlich w\u00e4rmer an und auch an der Natur sieht man deutlich die ersten Anzeichen von Fr\u00fchling.<br>Da der Himmel allerdings auch nachts wolkenfrei war, wurde es in den Morgenstunden teils frostig kalt. Am Montag fr\u00fch lag der Tiefstwert bei -4 \u00b0C.<\/p>\n\n\n\n<p><strong>Ausblick<\/strong><\/p>\n\n\n\n<p>Es wird langsam w\u00e4rmer, die n\u00e4chsten Tage gibt es viel Sonne. Es soll aber auch etwas dunstig werden und es gibt bereits wieder eine Ank\u00fcndigung f\u00fcr Saharastaub.<br>Die Temperaturen k\u00f6nnen tags\u00fcber bis \u00fcber 17 \u00b0C steigen. In klaren N\u00e4chten sinken die Temperaturen bis auf 0 \u00b0C<\/p>\n","protected":false},"excerpt":{"rendered":"<p>R\u00fcckblick Am Samstag war meteorolgische Fr\u00fchlingsanfang (Meteorologen rechnen mit ganzen Monaten, w\u00e4hrend sich der astronomische Fr\u00fchling nach der Tag- und<\/p>\n","protected":false},"author":1,"featured_media":0,"comment_status":"open","ping_status":"0","sticky":false,"template":"","format":"standard","meta":{"footnotes":""},"categories":[21],"tags":[],"class_list":["post-12187","post","type-post","status-publish","format-standard","hentry","category-wetter-der-blog-zu-www-ingersheimwetter-de"],"_links":{"self":[{"href":"https:\/\/www.bastel-bastel.de\/blog\/index.php\/wp-json\/wp\/v2\/posts\/12187","targetHints":{"allow":["GET"]}}],"collection":[{"href":"https:\/\/www.bastel-bastel.de\/blog\/index.php\/wp-json\/wp\/v2\/posts"}],"about":[{"href":"https:\/\/www.bastel-bastel.de\/blog\/index.php\/wp-json\/wp\/v2\/types\/post"}],"author":[{"embeddable":true,"href":"https:\/\/www.bastel-bastel.de\/blog\/index.php\/wp-json\/wp\/v2\/users\/1"}],"replies":[{"embeddable":true,"href":"https:\/\/www.bastel-bastel.de\/blog\/index.php\/wp-json\/wp\/v2\/comments?post=12187"}],"version-history":[{"count":1,"href":"https:\/\/www.bastel-bastel.de\/blog\/index.php\/wp-json\/wp\/v2\/posts\/12187\/revisions"}],"predecessor-version":[{"id":12189,"href":"https:\/\/www.bastel-bastel.de\/blog\/index.php\/wp-json\/wp\/v2\/posts\/12187\/revisions\/12189"}],"wp:attachment":[{"href":"https:\/\/www.bastel-bastel.de\/blog\/index.php\/wp-json\/wp\/v2\/media?parent=12187"}],"wp:term":[{"taxonomy":"category","embeddable":true,"href":"https:\/\/www.bastel-bastel.de\/blog\/index.php\/wp-json\/wp\/v2\/categories?post=12187"},{"taxonomy":"post_tag","embeddable":true,"href":"https:\/\/www.bastel-bastel.de\/blog\/index.php\/wp-json\/wp\/v2\/tags?post=12187"}],"curies":[{"name":"wp","href":"https:\/\/api.w.org\/{rel}","templated":true}]}}