{"id":12173,"date":"2025-02-12T14:20:06","date_gmt":"2025-02-12T13:20:06","guid":{"rendered":"https:\/\/www.bastel-bastel.de\/blog\/?p=12173"},"modified":"2025-02-12T14:20:32","modified_gmt":"2025-02-12T13:20:32","slug":"jochens-wetterblog-am-13-2-2025","status":"publish","type":"post","link":"https:\/\/www.bastel-bastel.de\/blog\/index.php\/2025\/02\/12\/jochens-wetterblog-am-13-2-2025\/","title":{"rendered":"Jochens Wetterblog am 13.2.2025"},"content":{"rendered":"\n<figure class=\"wp-block-image size-large\"><img loading=\"lazy\" decoding=\"async\" width=\"683\" height=\"1024\" src=\"https:\/\/www.bastel-bastel.de\/blog\/wp-content\/uploads\/2018\/12\/MG_4935-683x1024.jpg\" alt=\"\" class=\"wp-image-4096\" srcset=\"https:\/\/www.bastel-bastel.de\/blog\/wp-content\/uploads\/2018\/12\/MG_4935-683x1024.jpg 683w, https:\/\/www.bastel-bastel.de\/blog\/wp-content\/uploads\/2018\/12\/MG_4935-200x300.jpg 200w, https:\/\/www.bastel-bastel.de\/blog\/wp-content\/uploads\/2018\/12\/MG_4935-768x1152.jpg 768w, https:\/\/www.bastel-bastel.de\/blog\/wp-content\/uploads\/2018\/12\/MG_4935-1024x1536.jpg 1024w, https:\/\/www.bastel-bastel.de\/blog\/wp-content\/uploads\/2018\/12\/MG_4935-1365x2048.jpg 1365w, https:\/\/www.bastel-bastel.de\/blog\/wp-content\/uploads\/2018\/12\/MG_4935-750x1125.jpg 750w, https:\/\/www.bastel-bastel.de\/blog\/wp-content\/uploads\/2018\/12\/MG_4935-scaled.jpg 1706w\" sizes=\"auto, (max-width: 683px) 100vw, 683px\" \/><\/figure>\n\n\n\n<p><strong>R\u00fcckblick<\/strong><br>Der Januar 2025 war weltweit der w\u00e4rmste Januar seit Beginn der Wetteraufzeichnung und auch der Februar begann wenig winterlich.<br>Nachtfr\u00f6ste gab es in der letzten Woche trotzdem. Der Tiefstwert lag bei knapp -6 \u00b0C am Mittwoch.<br>Tags\u00fcber stiegen die Werte bis auf 10 \u00b0C am Samstag.<br>Der Wind war die ganze Woche nur schwach, es gab kaum Luftbewegung.<br>Daher stieg die Menge an Schadstoffen und Feinstaub immer weiter an.<br>Die Luftqualit\u00e4t ist derzeit ziemlich schlecht.<br>Am Montag wurde in den Medien eine neue D\u00fcrre f\u00fcr Deutschland prophezeit.<br>Kurz darauf begann es zu regnen.<br>Montag und Dienstag zusammen \u00fcber 15 l\/qm.<br>Mit ein paar Regentropfen am Donnerstag wurden es insgesamt 16 l\/qm.<br>So richtiges Winterwetter ist das nicht. Mittwoch und Samstag gab es jeweils knapp 7 Sonnenstunden, die anderen Tage blieben grau in grau.<br>Auch bei Sonnenschein war es oft diesig und feiner Nebel d\u00e4mpfte das Licht.<br>\u00dcber die ganze Woche wurden 22 Sonnenstunden gemessen.<\/p>\n\n\n\n<p><strong>Ausblick<\/strong><br>Nach einem tr\u00fcben Donnerstag wird es ab Freitag wechselhaft. Die Temperaturen gehen wieder etwas zur\u00fcck. Die H\u00f6chstwerte liegen dann nur noch um 3 \u00b0C und die Tiefstwerte sinken bis -2 \u00b0C ab.Zum Wochenende soll es wieder trockener werden.<\/p>\n","protected":false},"excerpt":{"rendered":"<p>R\u00fcckblickDer Januar 2025 war weltweit der w\u00e4rmste Januar seit Beginn der Wetteraufzeichnung und auch der Februar begann wenig winterlich.Nachtfr\u00f6ste gab<\/p>\n","protected":false},"author":1,"featured_media":0,"comment_status":"open","ping_status":"0","sticky":false,"template":"","format":"standard","meta":{"footnotes":""},"categories":[21],"tags":[],"class_list":["post-12173","post","type-post","status-publish","format-standard","hentry","category-wetter-der-blog-zu-www-ingersheimwetter-de"],"_links":{"self":[{"href":"https:\/\/www.bastel-bastel.de\/blog\/index.php\/wp-json\/wp\/v2\/posts\/12173","targetHints":{"allow":["GET"]}}],"collection":[{"href":"https:\/\/www.bastel-bastel.de\/blog\/index.php\/wp-json\/wp\/v2\/posts"}],"about":[{"href":"https:\/\/www.bastel-bastel.de\/blog\/index.php\/wp-json\/wp\/v2\/types\/post"}],"author":[{"embeddable":true,"href":"https:\/\/www.bastel-bastel.de\/blog\/index.php\/wp-json\/wp\/v2\/users\/1"}],"replies":[{"embeddable":true,"href":"https:\/\/www.bastel-bastel.de\/blog\/index.php\/wp-json\/wp\/v2\/comments?post=12173"}],"version-history":[{"count":2,"href":"https:\/\/www.bastel-bastel.de\/blog\/index.php\/wp-json\/wp\/v2\/posts\/12173\/revisions"}],"predecessor-version":[{"id":12176,"href":"https:\/\/www.bastel-bastel.de\/blog\/index.php\/wp-json\/wp\/v2\/posts\/12173\/revisions\/12176"}],"wp:attachment":[{"href":"https:\/\/www.bastel-bastel.de\/blog\/index.php\/wp-json\/wp\/v2\/media?parent=12173"}],"wp:term":[{"taxonomy":"category","embeddable":true,"href":"https:\/\/www.bastel-bastel.de\/blog\/index.php\/wp-json\/wp\/v2\/categories?post=12173"},{"taxonomy":"post_tag","embeddable":true,"href":"https:\/\/www.bastel-bastel.de\/blog\/index.php\/wp-json\/wp\/v2\/tags?post=12173"}],"curies":[{"name":"wp","href":"https:\/\/api.w.org\/{rel}","templated":true}]}}