{"id":11990,"date":"2024-10-04T12:25:35","date_gmt":"2024-10-04T10:25:35","guid":{"rendered":"https:\/\/www.bastel-bastel.de\/blog\/?p=11990"},"modified":"2024-10-04T12:25:35","modified_gmt":"2024-10-04T10:25:35","slug":"jochens-wetterblog-am-3-10-2024","status":"publish","type":"post","link":"https:\/\/www.bastel-bastel.de\/blog\/index.php\/2024\/10\/04\/jochens-wetterblog-am-3-10-2024\/","title":{"rendered":"Jochens Wetterblog am 3.10.2024"},"content":{"rendered":"\n<figure class=\"wp-block-image size-large\"><img loading=\"lazy\" decoding=\"async\" width=\"716\" height=\"1024\" src=\"https:\/\/www.bastel-bastel.de\/blog\/wp-content\/uploads\/2022\/10\/wetter20221019-716x1024.jpg\" alt=\"\" class=\"wp-image-8529\" srcset=\"https:\/\/www.bastel-bastel.de\/blog\/wp-content\/uploads\/2022\/10\/wetter20221019-716x1024.jpg 716w, https:\/\/www.bastel-bastel.de\/blog\/wp-content\/uploads\/2022\/10\/wetter20221019-210x300.jpg 210w, https:\/\/www.bastel-bastel.de\/blog\/wp-content\/uploads\/2022\/10\/wetter20221019-768x1098.jpg 768w, https:\/\/www.bastel-bastel.de\/blog\/wp-content\/uploads\/2022\/10\/wetter20221019.jpg 815w\" sizes=\"auto, (max-width: 716px) 100vw, 716px\" \/><figcaption class=\"wp-element-caption\">Sonne \u00fcber Herbstnebel im Neckartal<\/figcaption><\/figure>\n\n\n\n<p><strong>R\u00fcckblick<\/strong><\/p>\n\n\n\n<p>Herbst &#8211; die Jahreszeit von Nebel, Regen und Wind!<br>Die letzten Tage gab es fr\u00fch morgens ein paar Herbstnebel.<br>Niederschlag fiel fast jeden Tag. Besonders am Donnerstag kamen knapp 9l\/qm herunter. Insgesamt wurden es 14 Liter pro Quadratmeter.<br>Der Wind war die letzten Tage auch recht aktiv.<br>Am Freitag wurden st\u00fcrmische B\u00f6en bis 80km\/h gemessen und in exponierten Lagen d\u00fcrfte es auch deutlich mehr gewesen sein.<br>Die Sonne wurde oft von Wolken verdeckt. Am Donnerstag zeigte sie sich \u00fcberhaupt nicht.<br>Morgens wurde es durch den tiefen Sonnenstand sp\u00e4ter hell und abends fr\u00fcher wieder dunkel.<br>So kamen insgesamt nur 17 Sonnenstunden zusammen.<br>Am Sonntag fr\u00fch lag der Tiefstwert bei nur 4 \u00b0C und abgesehen von den 22 \u00b0C am Mittwoch erreichten die H\u00f6chstwerte an allen anderen Tagen keine 20 \u00b0C, am Samstag wurden nur 16 \u00b0C gemessen.<br>Der Herbst ist eindeutig angekommen.<\/p>\n\n\n\n<p><strong>Ausblick<\/strong><br>Am Freitag wird es k\u00fchl. Tiefstwerte um 6 \u00b0C und H\u00f6chsttemperaturen bis 11 \u00b0C. Danach wird es zumindest tags\u00fcber wieder etwas w\u00e4rmer. Die Nachttemperaturen bleiben aber bis Sonntag recht frisch. Bis Freitag gibt es immer wieder etwas Niederschlag, das Wochenende soll trocken und sonnig werden.<\/p>\n","protected":false},"excerpt":{"rendered":"<p>R\u00fcckblick Herbst &#8211; die Jahreszeit von Nebel, Regen und Wind!Die letzten Tage gab es fr\u00fch morgens ein paar Herbstnebel.Niederschlag fiel<\/p>\n","protected":false},"author":1,"featured_media":0,"comment_status":"open","ping_status":"0","sticky":false,"template":"","format":"standard","meta":{"footnotes":""},"categories":[21],"tags":[],"class_list":["post-11990","post","type-post","status-publish","format-standard","hentry","category-wetter-der-blog-zu-www-ingersheimwetter-de"],"_links":{"self":[{"href":"https:\/\/www.bastel-bastel.de\/blog\/index.php\/wp-json\/wp\/v2\/posts\/11990","targetHints":{"allow":["GET"]}}],"collection":[{"href":"https:\/\/www.bastel-bastel.de\/blog\/index.php\/wp-json\/wp\/v2\/posts"}],"about":[{"href":"https:\/\/www.bastel-bastel.de\/blog\/index.php\/wp-json\/wp\/v2\/types\/post"}],"author":[{"embeddable":true,"href":"https:\/\/www.bastel-bastel.de\/blog\/index.php\/wp-json\/wp\/v2\/users\/1"}],"replies":[{"embeddable":true,"href":"https:\/\/www.bastel-bastel.de\/blog\/index.php\/wp-json\/wp\/v2\/comments?post=11990"}],"version-history":[{"count":1,"href":"https:\/\/www.bastel-bastel.de\/blog\/index.php\/wp-json\/wp\/v2\/posts\/11990\/revisions"}],"predecessor-version":[{"id":11991,"href":"https:\/\/www.bastel-bastel.de\/blog\/index.php\/wp-json\/wp\/v2\/posts\/11990\/revisions\/11991"}],"wp:attachment":[{"href":"https:\/\/www.bastel-bastel.de\/blog\/index.php\/wp-json\/wp\/v2\/media?parent=11990"}],"wp:term":[{"taxonomy":"category","embeddable":true,"href":"https:\/\/www.bastel-bastel.de\/blog\/index.php\/wp-json\/wp\/v2\/categories?post=11990"},{"taxonomy":"post_tag","embeddable":true,"href":"https:\/\/www.bastel-bastel.de\/blog\/index.php\/wp-json\/wp\/v2\/tags?post=11990"}],"curies":[{"name":"wp","href":"https:\/\/api.w.org\/{rel}","templated":true}]}}