{"id":11764,"date":"2024-06-20T08:28:44","date_gmt":"2024-06-20T06:28:44","guid":{"rendered":"https:\/\/www.bastel-bastel.de\/blog\/?p=11764"},"modified":"2024-06-20T08:28:44","modified_gmt":"2024-06-20T06:28:44","slug":"jochens-wetterblog-am-20-6-2024","status":"publish","type":"post","link":"https:\/\/www.bastel-bastel.de\/blog\/index.php\/2024\/06\/20\/jochens-wetterblog-am-20-6-2024\/","title":{"rendered":"Jochens Wetterblog am 20.6.2024"},"content":{"rendered":"\n<figure class=\"wp-block-image size-large\"><img loading=\"lazy\" decoding=\"async\" width=\"879\" height=\"1024\" src=\"https:\/\/www.bastel-bastel.de\/blog\/wp-content\/uploads\/2018\/08\/IMG_4104-879x1024.jpg\" alt=\"\" class=\"wp-image-3724\" srcset=\"https:\/\/www.bastel-bastel.de\/blog\/wp-content\/uploads\/2018\/08\/IMG_4104-879x1024.jpg 879w, https:\/\/www.bastel-bastel.de\/blog\/wp-content\/uploads\/2018\/08\/IMG_4104-258x300.jpg 258w, https:\/\/www.bastel-bastel.de\/blog\/wp-content\/uploads\/2018\/08\/IMG_4104-768x895.jpg 768w, https:\/\/www.bastel-bastel.de\/blog\/wp-content\/uploads\/2018\/08\/IMG_4104-1319x1536.jpg 1319w, https:\/\/www.bastel-bastel.de\/blog\/wp-content\/uploads\/2018\/08\/IMG_4104-1758x2048.jpg 1758w, https:\/\/www.bastel-bastel.de\/blog\/wp-content\/uploads\/2018\/08\/IMG_4104-750x874.jpg 750w\" sizes=\"auto, (max-width: 879px) 100vw, 879px\" \/><\/figure>\n\n\n\n<p><strong>R\u00fcckblick<\/strong><br>\u00dcber 32 \u00b0C!<br>Der Sommer hat sich doch noch ganz langsam bei uns eingeschlichen.<br>Von k\u00fchlen 7 \u00b0C in der Nacht zum Mittwoch \u00fcber einen H\u00f6chstwert von nur 20 \u00b0C am Freitag stiegen die Temperaturen langsam auf sommerliche Werte.<br>Der Dienstag war mit \u00fcber 32 \u00b0C der erste hei\u00dfe Tag des Jahres.<br>Am Samstag gab es allerdings ordentlich Niederschlag und auch zwischendurch regnete es immer wieder ein paar Tropfen.<br>Insgesamt kamen 9 Liter pro Quadratmeter zusammen.<br>Der Wind erreichte am Samstag die gr\u00f6\u00dfte B\u00f6enst\u00e4rke und blies bis \u00fcber 46 km\/h, ansonsten war es \u00fcberwiegend schwach windig.<br>Am Freitag bedeckten viele Wolken den Himmel, am Montag war es recht wechselhaft, die \u00fcbrigen Tage zeigten sich ziemlich sonnig.<br>Dabei war der Donnerstag mit \u00fcber 11 Sonnenstunden der sch\u00f6nste Tag der Woche.<br>Die gesamte Woche zusammen brachte es auf 50 Sonnenstunden.<br>Der UV-Index war wieder relativ hoch. Die Sonne steht derzeit sehr hoch und hat viel Kraft. Sonnenschutz ist sehr zu empfehlen!<\/p>\n\n\n\n<p><strong>Ausblick<\/strong><br>Die Temperatuen erreichen in den n\u00e4chsten Tagen Werte um 24 \u00b0C, am Wochenende sogar teilweise nur 20 \u00b0C. Dazu soll es wechselhaft und regnerisch werden. Bis Sonntag stehen alle Tage mit 90% Niederschlagswahrscheinlichkeit in der Vorhersage. Erst ab Montag wird es wieder trockener.<br>Am 20.6., also am heutigen Donnerstag, ist Sommersonnenwende. Ab jetzt werden die Tage schon wieder k\u00fcrzer!<\/p>\n","protected":false},"excerpt":{"rendered":"<p>R\u00fcckblick\u00dcber 32 \u00b0C!Der Sommer hat sich doch noch ganz langsam bei uns eingeschlichen.Von k\u00fchlen 7 \u00b0C in der Nacht zum<\/p>\n","protected":false},"author":1,"featured_media":0,"comment_status":"open","ping_status":"0","sticky":false,"template":"","format":"standard","meta":{"footnotes":""},"categories":[21],"tags":[],"class_list":["post-11764","post","type-post","status-publish","format-standard","hentry","category-wetter-der-blog-zu-www-ingersheimwetter-de"],"_links":{"self":[{"href":"https:\/\/www.bastel-bastel.de\/blog\/index.php\/wp-json\/wp\/v2\/posts\/11764","targetHints":{"allow":["GET"]}}],"collection":[{"href":"https:\/\/www.bastel-bastel.de\/blog\/index.php\/wp-json\/wp\/v2\/posts"}],"about":[{"href":"https:\/\/www.bastel-bastel.de\/blog\/index.php\/wp-json\/wp\/v2\/types\/post"}],"author":[{"embeddable":true,"href":"https:\/\/www.bastel-bastel.de\/blog\/index.php\/wp-json\/wp\/v2\/users\/1"}],"replies":[{"embeddable":true,"href":"https:\/\/www.bastel-bastel.de\/blog\/index.php\/wp-json\/wp\/v2\/comments?post=11764"}],"version-history":[{"count":1,"href":"https:\/\/www.bastel-bastel.de\/blog\/index.php\/wp-json\/wp\/v2\/posts\/11764\/revisions"}],"predecessor-version":[{"id":11765,"href":"https:\/\/www.bastel-bastel.de\/blog\/index.php\/wp-json\/wp\/v2\/posts\/11764\/revisions\/11765"}],"wp:attachment":[{"href":"https:\/\/www.bastel-bastel.de\/blog\/index.php\/wp-json\/wp\/v2\/media?parent=11764"}],"wp:term":[{"taxonomy":"category","embeddable":true,"href":"https:\/\/www.bastel-bastel.de\/blog\/index.php\/wp-json\/wp\/v2\/categories?post=11764"},{"taxonomy":"post_tag","embeddable":true,"href":"https:\/\/www.bastel-bastel.de\/blog\/index.php\/wp-json\/wp\/v2\/tags?post=11764"}],"curies":[{"name":"wp","href":"https:\/\/api.w.org\/{rel}","templated":true}]}}