{"id":11711,"date":"2024-05-15T10:33:12","date_gmt":"2024-05-15T08:33:12","guid":{"rendered":"https:\/\/www.bastel-bastel.de\/blog\/?p=11711"},"modified":"2024-05-15T10:33:12","modified_gmt":"2024-05-15T08:33:12","slug":"jochens-wetterblog-am-16-5-2024","status":"publish","type":"post","link":"https:\/\/www.bastel-bastel.de\/blog\/index.php\/2024\/05\/15\/jochens-wetterblog-am-16-5-2024\/","title":{"rendered":"Jochens Wetterblog am 16.5.2024"},"content":{"rendered":"\n<figure class=\"wp-block-image size-large\"><img loading=\"lazy\" decoding=\"async\" width=\"771\" height=\"1024\" src=\"https:\/\/www.bastel-bastel.de\/blog\/wp-content\/uploads\/2024\/05\/20240516_wetter-771x1024.jpeg\" alt=\"\" class=\"wp-image-11712\" srcset=\"https:\/\/www.bastel-bastel.de\/blog\/wp-content\/uploads\/2024\/05\/20240516_wetter-771x1024.jpeg 771w, https:\/\/www.bastel-bastel.de\/blog\/wp-content\/uploads\/2024\/05\/20240516_wetter-226x300.jpeg 226w, https:\/\/www.bastel-bastel.de\/blog\/wp-content\/uploads\/2024\/05\/20240516_wetter-768x1020.jpeg 768w, https:\/\/www.bastel-bastel.de\/blog\/wp-content\/uploads\/2024\/05\/20240516_wetter-1157x1536.jpeg 1157w, https:\/\/www.bastel-bastel.de\/blog\/wp-content\/uploads\/2024\/05\/20240516_wetter.jpeg 1205w\" sizes=\"auto, (max-width: 771px) 100vw, 771px\" \/><\/figure>\n\n\n\n<p><strong>R\u00fcckblick<\/strong><\/p>\n\n\n\n<p>Lokal begrenzte Gewitter mit Starkregen haben am Montag in Walheim und Erligheim f\u00fcr \u00dcberflutungen gesorgt.<br>In Ingersheim\u00a0 war der Himmel pechschwarz. <br>Es donnerte und blitzte, aber sonst war da nichts.<br>Gerade einmal etwas mehr als 1l\/qm Niederschlag brachte hier das &#8222;Unwetter&#8220;. <br>So unterschiedlich kann das Wetter in so nahe beieinander liegenden Orten sein.<br>Die Gewitter beendeten eine hochsommerliche Woche.<br>Temperaturen bis an die 29 \u00b0C und 5 Sommertage (>25\u00b0C) brachten uns zum Schwitzen.<br>Mit \u00fcber 75 Sonnenstunden gab es doppelt so viel Sonnenschein, wie in der Vorwoche. <br>Allerdings stieg damit auch der UV-Index immer mehr an und Sonnenschutz ist empfohlen!<br>Nachts k\u00fchlte es teilweise noch deutlich ab. Donnerstag und Freitag fr\u00fch sanken die Werte jeweils auf kalte 6 \u00b0C.<br>Der Wind war die ganze Woche nur schwach, erst ab Montag frischte es etwas auf und am Dienstag gab es ein paar B\u00f6en bis \u00fcber 46 km\/h.<br>Ein Blick auf den Trend zeigt, dass der Mai bereits wieder 3 Grad zu warm ist, nachdem der April wohl weltweit der w\u00e4rmste April seit Beginn der Wetteraufzeichnung war.<br>Die Eisheiligen sollten vom 11.5. bis 15.5. bei uns vorbeischauen, davon war aber nichts zu sp\u00fcren.<\/p>\n\n\n\n<p><strong>Ausblick<\/strong><\/p>\n\n\n\n<p>Die n\u00e4chsten Tage werden wechselhaft. Wolken, Wind und Regen bestimmen wohl bis Freitag unser Wetter. F\u00fcr Freitag ist auch etwas Wind angek\u00fcndigt.<br>Am Sonntag soll dann wieder die Sonne scheinen. Mit nur 14 \u00b0C wird der Freitag recht k\u00fchl, an den anderen Tagen werden Werte um 20 \u00b0C erreicht.<br>Nachts bleiben die Temperaturen zweistellig.<\/p>\n","protected":false},"excerpt":{"rendered":"<p>R\u00fcckblick Lokal begrenzte Gewitter mit Starkregen haben am Montag in Walheim und Erligheim f\u00fcr \u00dcberflutungen gesorgt.In Ingersheim\u00a0 war der Himmel<\/p>\n","protected":false},"author":1,"featured_media":0,"comment_status":"open","ping_status":"0","sticky":false,"template":"","format":"standard","meta":{"footnotes":""},"categories":[21],"tags":[],"class_list":["post-11711","post","type-post","status-publish","format-standard","hentry","category-wetter-der-blog-zu-www-ingersheimwetter-de"],"_links":{"self":[{"href":"https:\/\/www.bastel-bastel.de\/blog\/index.php\/wp-json\/wp\/v2\/posts\/11711","targetHints":{"allow":["GET"]}}],"collection":[{"href":"https:\/\/www.bastel-bastel.de\/blog\/index.php\/wp-json\/wp\/v2\/posts"}],"about":[{"href":"https:\/\/www.bastel-bastel.de\/blog\/index.php\/wp-json\/wp\/v2\/types\/post"}],"author":[{"embeddable":true,"href":"https:\/\/www.bastel-bastel.de\/blog\/index.php\/wp-json\/wp\/v2\/users\/1"}],"replies":[{"embeddable":true,"href":"https:\/\/www.bastel-bastel.de\/blog\/index.php\/wp-json\/wp\/v2\/comments?post=11711"}],"version-history":[{"count":1,"href":"https:\/\/www.bastel-bastel.de\/blog\/index.php\/wp-json\/wp\/v2\/posts\/11711\/revisions"}],"predecessor-version":[{"id":11713,"href":"https:\/\/www.bastel-bastel.de\/blog\/index.php\/wp-json\/wp\/v2\/posts\/11711\/revisions\/11713"}],"wp:attachment":[{"href":"https:\/\/www.bastel-bastel.de\/blog\/index.php\/wp-json\/wp\/v2\/media?parent=11711"}],"wp:term":[{"taxonomy":"category","embeddable":true,"href":"https:\/\/www.bastel-bastel.de\/blog\/index.php\/wp-json\/wp\/v2\/categories?post=11711"},{"taxonomy":"post_tag","embeddable":true,"href":"https:\/\/www.bastel-bastel.de\/blog\/index.php\/wp-json\/wp\/v2\/tags?post=11711"}],"curies":[{"name":"wp","href":"https:\/\/api.w.org\/{rel}","templated":true}]}}