{"id":11676,"date":"2024-04-24T11:31:56","date_gmt":"2024-04-24T09:31:56","guid":{"rendered":"https:\/\/www.bastel-bastel.de\/blog\/?p=11676"},"modified":"2024-04-24T11:31:56","modified_gmt":"2024-04-24T09:31:56","slug":"jochens-wetterblog-am-25-4-2024","status":"publish","type":"post","link":"https:\/\/www.bastel-bastel.de\/blog\/index.php\/2024\/04\/24\/jochens-wetterblog-am-25-4-2024\/","title":{"rendered":"Jochens Wetterblog am 25.4.2024"},"content":{"rendered":"\n<figure class=\"wp-block-image size-large\"><img loading=\"lazy\" decoding=\"async\" width=\"771\" height=\"1024\" src=\"https:\/\/www.bastel-bastel.de\/blog\/wp-content\/uploads\/2024\/04\/PXL_20240326_102637496-771x1024.jpg\" alt=\"\" class=\"wp-image-11677\" srcset=\"https:\/\/www.bastel-bastel.de\/blog\/wp-content\/uploads\/2024\/04\/PXL_20240326_102637496-771x1024.jpg 771w, https:\/\/www.bastel-bastel.de\/blog\/wp-content\/uploads\/2024\/04\/PXL_20240326_102637496-226x300.jpg 226w, https:\/\/www.bastel-bastel.de\/blog\/wp-content\/uploads\/2024\/04\/PXL_20240326_102637496-768x1020.jpg 768w, https:\/\/www.bastel-bastel.de\/blog\/wp-content\/uploads\/2024\/04\/PXL_20240326_102637496-1157x1536.jpg 1157w, https:\/\/www.bastel-bastel.de\/blog\/wp-content\/uploads\/2024\/04\/PXL_20240326_102637496-1542x2048.jpg 1542w, https:\/\/www.bastel-bastel.de\/blog\/wp-content\/uploads\/2024\/04\/PXL_20240326_102637496-scaled.jpg 1928w\" sizes=\"auto, (max-width: 771px) 100vw, 771px\" \/><\/figure>\n\n\n\n<p><strong>R\u00fcckblick<\/strong><br>Nach dem sommerlichen Start in den April, herrschte die letzte Woche beinahe noch einmal Winter. <br>Mit knapp 7 \u00b0C war es am Freitag ziemlich kalt und auch an den anderen Tagen wurde es nicht richtig warm. Die 12 \u00b0C-Marke wurde an keinem Tag erreicht. <br>Auch die N\u00e4chte waren mit maximal 3 \u00b0C eher winterlich und am Dienstag fr\u00fch gab es sogar Frost bis unter -1 \u00b0C.<br>Der Frost ist f\u00fcr die Natur nicht unkritisch, da durch die warmen Temperaturen Anfang April schon viele Pflanzen ausgetrieben haben und am Bl\u00fchen waren.<\/p>\n\n\n\n<p>Zur K\u00e4lte kam der Wind, der stetig blies und am Freitag in B\u00f6en bis 58 km\/h erreichte. <br>Dicke Wolken schoben sich von Mittwoch bis Sonntag \u00fcber den Himmel und immer wieder gab es reichlich Niederschlag. <br>13,4l\/qm allein am Freitag und insgesamt 23 Liter pro Quadratmeter. <br>Der Freitag verzeichnete keinen Sonnenschein und auch die anderen Tage waren recht tr\u00fcbe. <br>Erst am Montag und Dienstag schaffte es die Sonne durch die Wolken und es gab jeweils um die 8 Sonnenstunden. Damit kam die Gesamtwoche dann doch noch auf 31 Stunden Sonnenschein.<\/p>\n\n\n\n<p><strong>Ausblick<\/strong><\/p>\n\n\n\n<p>Bis Freitag bleibt es bew\u00f6lkt und regnerisch. <br>Zum Wochenende soll aber der Fr\u00fchling zur\u00fcckkehren. <br>Dann sind Temperaturen bis \u00fcber 20 \u00b0C angek\u00fcndigt und auch nachts sollen die Werte ab Sonntag zweistellig bleiben. Dazu kommt die Sonne heraus und es wird trockener.<\/p>\n","protected":false},"excerpt":{"rendered":"<p>R\u00fcckblickNach dem sommerlichen Start in den April, herrschte die letzte Woche beinahe noch einmal Winter. Mit knapp 7 \u00b0C war<\/p>\n","protected":false},"author":1,"featured_media":0,"comment_status":"open","ping_status":"0","sticky":false,"template":"","format":"standard","meta":{"footnotes":""},"categories":[21],"tags":[],"class_list":["post-11676","post","type-post","status-publish","format-standard","hentry","category-wetter-der-blog-zu-www-ingersheimwetter-de"],"_links":{"self":[{"href":"https:\/\/www.bastel-bastel.de\/blog\/index.php\/wp-json\/wp\/v2\/posts\/11676","targetHints":{"allow":["GET"]}}],"collection":[{"href":"https:\/\/www.bastel-bastel.de\/blog\/index.php\/wp-json\/wp\/v2\/posts"}],"about":[{"href":"https:\/\/www.bastel-bastel.de\/blog\/index.php\/wp-json\/wp\/v2\/types\/post"}],"author":[{"embeddable":true,"href":"https:\/\/www.bastel-bastel.de\/blog\/index.php\/wp-json\/wp\/v2\/users\/1"}],"replies":[{"embeddable":true,"href":"https:\/\/www.bastel-bastel.de\/blog\/index.php\/wp-json\/wp\/v2\/comments?post=11676"}],"version-history":[{"count":1,"href":"https:\/\/www.bastel-bastel.de\/blog\/index.php\/wp-json\/wp\/v2\/posts\/11676\/revisions"}],"predecessor-version":[{"id":11678,"href":"https:\/\/www.bastel-bastel.de\/blog\/index.php\/wp-json\/wp\/v2\/posts\/11676\/revisions\/11678"}],"wp:attachment":[{"href":"https:\/\/www.bastel-bastel.de\/blog\/index.php\/wp-json\/wp\/v2\/media?parent=11676"}],"wp:term":[{"taxonomy":"category","embeddable":true,"href":"https:\/\/www.bastel-bastel.de\/blog\/index.php\/wp-json\/wp\/v2\/categories?post=11676"},{"taxonomy":"post_tag","embeddable":true,"href":"https:\/\/www.bastel-bastel.de\/blog\/index.php\/wp-json\/wp\/v2\/tags?post=11676"}],"curies":[{"name":"wp","href":"https:\/\/api.w.org\/{rel}","templated":true}]}}