{"id":11575,"date":"2024-04-09T09:50:13","date_gmt":"2024-04-09T07:50:13","guid":{"rendered":"https:\/\/www.bastel-bastel.de\/blog\/?p=11575"},"modified":"2024-06-24T08:53:14","modified_gmt":"2024-06-24T06:53:14","slug":"dies-und-das-april-mai-juni-2024","status":"publish","type":"post","link":"https:\/\/www.bastel-bastel.de\/blog\/index.php\/2024\/04\/09\/dies-und-das-april-mai-juni-2024\/","title":{"rendered":"Dies und das &#8211; April, Mai, Juni 2024"},"content":{"rendered":"\n<p><a href=\"https:\/\/www.bastel-bastel.de\/blog\/index.php\/www-ingersheim-wetter-de\/\"><strong>Hier gehts direkt zu www.ingersheimwetter.de \u2013 Hier gehts direkt zu www.ingersheimwetter.de<\/strong><\/a><\/p>\n\n\n\n<figure class=\"wp-block-image size-large\"><img loading=\"lazy\" decoding=\"async\" width=\"1024\" height=\"771\" src=\"https:\/\/www.bastel-bastel.de\/blog\/wp-content\/uploads\/2024\/04\/PXL_20240309_145517604-1024x771.jpg\" alt=\"WWW - World Wide Web - der Teil vom Internet, den die meisten Menschen f\u00fcr das ganze Internet halten\" class=\"wp-image-11576\" srcset=\"https:\/\/www.bastel-bastel.de\/blog\/wp-content\/uploads\/2024\/04\/PXL_20240309_145517604-1024x771.jpg 1024w, https:\/\/www.bastel-bastel.de\/blog\/wp-content\/uploads\/2024\/04\/PXL_20240309_145517604-300x226.jpg 300w, https:\/\/www.bastel-bastel.de\/blog\/wp-content\/uploads\/2024\/04\/PXL_20240309_145517604-768x578.jpg 768w, https:\/\/www.bastel-bastel.de\/blog\/wp-content\/uploads\/2024\/04\/PXL_20240309_145517604-1536x1157.jpg 1536w, https:\/\/www.bastel-bastel.de\/blog\/wp-content\/uploads\/2024\/04\/PXL_20240309_145517604-2048x1542.jpg 2048w\" sizes=\"auto, (max-width: 1024px) 100vw, 1024px\" \/><\/figure>\n\n\n\n<p><a href=\"https:\/\/www.bastel-bastel.de\/blog\/index.php\/www-ingersheim-wetter-de\/\"><strong>Hier gehts direkt zu www.ingersheimwetter.de \u2013 Hier gehts direkt zu www.ingersheimwetter.de<\/strong><\/a><\/p>\n\n\n\n<p>Wie, schon wieder ein Quartal rum?<br>Ein Viertel von 2024 vorbei? <br>Die Zeit rast &#8211; und wir rasen mit.<br>Pausen werden immer seltener, der Mensch immer Rastloser.<br>Auf dieser Seite gibt es nat\u00fcrlich wieder alle m\u00f6glichen Kommentare von mir zu allen m\u00f6glichen Dingen.<br><\/p>\n\n\n\n<p>Wenn Dich der Text nicht interessiert, dann geht es hier <strong><a href=\"https:\/\/www.bastel-bastel.de\/blog\/index.php\/www-ingersheim-wetter-de\/\">direkt zum Wetter<\/a><\/strong><\/p>\n\n\n\n<p>Ansonsten einfach weiterlesen und meine Kommentare zum Weltgeschehen geniessen\u2026<\/p>\n\n\n\n<!--more-->\n\n\n\n<p><strong>24.6.2024 Neuer Wunderakku mit 100x mehr Kapazit\u00e4t f\u00fcr 100x mehr Reichweite?<\/strong><\/p>\n\n\n\n<figure class=\"wp-block-image size-large\"><img loading=\"lazy\" decoding=\"async\" width=\"771\" height=\"1024\" src=\"https:\/\/www.bastel-bastel.de\/blog\/wp-content\/uploads\/2024\/03\/t800_1-771x1024.jpeg\" alt=\"\" class=\"wp-image-11451\" srcset=\"https:\/\/www.bastel-bastel.de\/blog\/wp-content\/uploads\/2024\/03\/t800_1-771x1024.jpeg 771w, https:\/\/www.bastel-bastel.de\/blog\/wp-content\/uploads\/2024\/03\/t800_1-226x300.jpeg 226w, https:\/\/www.bastel-bastel.de\/blog\/wp-content\/uploads\/2024\/03\/t800_1-768x1020.jpeg 768w, https:\/\/www.bastel-bastel.de\/blog\/wp-content\/uploads\/2024\/03\/t800_1-1157x1536.jpeg 1157w, https:\/\/www.bastel-bastel.de\/blog\/wp-content\/uploads\/2024\/03\/t800_1.jpeg 1536w\" sizes=\"auto, (max-width: 771px) 100vw, 771px\" \/><\/figure>\n\n\n\n<p><br>Nat\u00fcrlich darf jeder Bullshit verbreiten und dummes Zeug erz\u00e4hlen.<br>Kompliziert wird es allerdings, wenn so ein Mist ungepr\u00fcft in den Mainstream-Medien verzapft wird.<br>Beim ersten Auftreten der Meldung war es noch lustig, aber das wird durch alle Schmierbl\u00e4tter hoch und runter erz\u00e4hlt &#8211; und ist definitive FAKE.<br>Allein mit etwas Nachdenken m\u00fcsste man dahinter kommen:<br>&#8211; Die Energiedichte w\u00e4re h\u00f6her, als bei Fl\u00fcssigtreibstoffen (\u00d6l, Benzin, Diesel, Kerosin), man k\u00f6nnte sofort ALLES auf elektrische Antriebe umstellen.<br>&#8211; Ein Auto w\u00fcrde angeblich 2000 km am St\u00fcck fahren &#8211; das impliziert, dass die aktuelle Reichweite nur bei 20km liegt. Moderne e-Autos schaffen aber gute 400km, dann m\u00fcsste man nur alle 40.000km laden, also nur alle 2-3 Jahre. Alternativ w\u00fcrden die SUV wieder unter der 2-Tonnen-Grenze liegen.<br><br>&#8211; Unser Hausspeicher hat 20kWh Kapazit\u00e4t, mit der 100fachen Kapazit\u00e4t bei gleicher Gr\u00f6\u00dfe, w\u00e4ren wir komplett autark &#8211; und der Rest der Welt ebenso &#8211; Energiekrise? Umweltverschmutzung? Kriege um \u00d6l?<br>Alles w\u00e4re sofort erledigt. <br>Energiewende? Gebongt &#8211; Einfach Speicher bauen und fertig.<br><br>Mit solchen Speichern k\u00f6nnte man im Sommer Energie f\u00fcr den Winter tanken.<br>Elektrische Flugzeuge w\u00e4ren m\u00f6glich, das Handy w\u00fcrde ein Jahr am St\u00fcck laufen, usw.<br>&#8211; autonome Roboter w\u00e4ren m\u00f6glich, ob gut oder schlecht? Jedenfalls interessant.<br><br>Es w\u00e4re sch\u00f6n, wenn es so einen Akku geben w\u00fcrde, gibt es aber nicht.<br>Faktor 2 in der Kapazit\u00e4t ist in den n\u00e4chsten Jahren zu erwarten. <br>Dar\u00fcber hinaus wird die Vorhersage schwierig.<br>Ob der Urheber dieser Info uns verarschen wollte, einfach nur dumm war, oder der urspr\u00fcngliche Text gar von einer KI geschrieben wurde? Keine Ahnung.<br>Erschreckend jedenfalls, wie so eine Falschmeldung seit Wochen im Internet kursiert und sogar in gedruckten Medien auftaucht!<br><br><strong>Faktor 100 ist derzeit totaler Bl\u00f6dsinn.<\/strong><br>Denke dar\u00fcber nach, ob die Mainstream-Medien vielleicht nicht auch in anderen Bereichen derart mit Fakten gl\u00e4nzen!<br>Denke selbst!<\/p>\n\n\n\n<p>Vielleicht hat ja auch nur irgendwer meine fiktive Geschichte gelesen:<\/p>\n\n\n\n<p><a href=\"https:\/\/www.thalia.de\/shop\/home\/artikeldetails\/A1059254394\">Akku 2.0 &#8211; Energie f\u00fcr die Menschheit<\/a><br><\/p>\n\n\n\n<p><\/p>\n\n\n\n<p><strong>20.6.2024 Balltreten ist wichtiger als Krieg<\/strong>?<\/p>\n\n\n\n<p>Verfolge aufmerksam die &#8222;Qualit\u00e4tsmedien&#8220; in Deutschland!<br>Ist Dir etwas aufgefallen?<br>Aktuell findet ein Balltreter-Wettbewerb statt, bei dem ein Multi-Milliarden-Konzern Geld scheffelt, w\u00e4hrend die Kosten vom Steuerzahler gedeckt werden. <br>Irgendein Politiker, ich hab vergessen wer, hat diesem Konzern angeblich sogar Steuerfreiheit zugesichert. Ob das stimmt? Einzelheiten sind nicht \u00f6ffentlich.<br>Jedenfalls &#8211; Brot und Spiele &#8211; soll das Volk in dieser Zeit des Gl\u00fccks nicht durch schlechte Nachrichten irritiert werden. <br><strong>Jubeln, Saufen, Wohlbefinden!<\/strong><br>In den Mainstream-Medien finden die Kriege in der Ukraine und der weiter s\u00fcdlich quasi nicht mehr statt.<br>Das dumme Volk kann sich n\u00e4mlich nur auf ein Thema konzentrieren.<br>\u00dcbrigens &#8211; als Putin im Nachbarland einmarschiert ist, war das das Ende der Corona-Berichterstattung.<br>Quasi \u00fcber Nacht liessen die Horrormeldungen schlagartig nach.<br>Es gab ja jetzt was noch schlimmeres!<br>Zufall? Oder bewahrt man sich das f\u00fcr sp\u00e4ter auf?<br>Egal &#8211; im Augenblick erfreuen sich die Menschen an der Balltreter-EM.<br>Ein paar Tage &amp; Wochen ohne schlechte Nachrichten zur Entspannung &#8211; Wohl bekomms!<\/p>\n\n\n\n<p><\/p>\n\n\n\n<p><strong>11.6.2024 Du hattest die Wahl!<\/strong><\/p>\n\n\n\n<figure class=\"wp-block-image size-large\"><img loading=\"lazy\" decoding=\"async\" width=\"768\" height=\"1024\" src=\"https:\/\/www.bastel-bastel.de\/blog\/wp-content\/uploads\/2022\/10\/zwerg1-768x1024.jpeg\" alt=\"\" class=\"wp-image-8405\" srcset=\"https:\/\/www.bastel-bastel.de\/blog\/wp-content\/uploads\/2022\/10\/zwerg1-768x1024.jpeg 768w, https:\/\/www.bastel-bastel.de\/blog\/wp-content\/uploads\/2022\/10\/zwerg1-225x300.jpeg 225w, https:\/\/www.bastel-bastel.de\/blog\/wp-content\/uploads\/2022\/10\/zwerg1-1152x1536.jpeg 1152w, https:\/\/www.bastel-bastel.de\/blog\/wp-content\/uploads\/2022\/10\/zwerg1.jpeg 1200w\" sizes=\"auto, (max-width: 768px) 100vw, 768px\" \/><\/figure>\n\n\n\n<p>Ich will ja eigentlich nicht mehr so viel schreiben, nicht dass meine Gedanken noch von irgendjemandem als Hass-Sprech interpretiert werden!<br>Aber das war doch ein wichtiges Ereignis, am Wochenende, nicht?<br>Das Wahlvolk durfte sich emp\u00f6ren und es &#8222;denen da oben&#8220; mal wieder so richtig zeigen!<br>Aber bitte jeder nur ein Kreuz! <br><br><strong>Habt Ihr alle sch\u00f6n brav gew\u00e4hlt? <\/strong><br>Dann ist jetzt wieder f\u00fcr 5 Jahre Ruhe mit Europa und Ihr k\u00f6nnt geniessen, was Ihr angerichtet habt! <strong>Gl\u00fcckwunsch!<\/strong><br>Die &#8222;konservativen Demokraten&#8220; sind total gl\u00fccklich, der Kurs von UvdL wurde total best\u00e4tigt und best\u00e4rkt.<br>Die weiter links angesiedelten Parteien suchen immer noch nach Schuldigen, eigenes Versagen ausgeschlossen. Das Volk ist einfach doof und weiss nicht, was gut f\u00fcr es ist!<br><br>Die AfD ist auch gl\u00fccklich, deswegen sind die anderen nat\u00fcrlich total best\u00fcrzt.. <br>Trotz \u00fcbler Geschehnisse rund um die Spitzenkandidaten noch viele Prozente dazugewonnen. <br>So richtig toll ist das nicht, aber soll man es dem Volk ver\u00fcbeln? Das war definitiv keine &#8222;Pro-AFD-Wahl&#8220;, sondern &#8222;Ich hab die Schnauze voll &#8211; Entscheidung&#8220;.<br>W\u00e4hrend alle starr vor Angst nach Rechts blicken, sorge ich mich eher um die Ergebnisse in Duisburg und \u00e4hnlichen Orten. DAS wird unsere Zukunft!<br>Freut Euch auf das Kalifat in 2040!<br><br>Das Tragische: <br>Die Ampel wurde gew\u00e4hlt, weil die Menschen von der CDU die Schnauze voll hatten, jetzt wird die CDU gew\u00e4hlt, weil man von der Ampel die Schnauze voll hat. &#8211; die Menschen vergessen so schnell.<br><br>Im Endeffekt wird ein bisschen umsortiert und dann geht es vermutlich weiter wie immer.<br><br>Die von mir gew\u00e4hlte Partei fliegt aus dem EU-Parlament. Hat auch so einen doofen Namen und keiner versteht sie. Irgendwas mit Computern.<br>Dabei w\u00e4ren die Themen fast genauso wichtig, wie der Klimawandel!<br>F\u00fcr die anderen Parteien ist das alles Neuland.<br>Aber gut, dass sie weg ist, jetzt ist der Weg frei f\u00fcr Total\u00fcberwachung, Vorratsdatenspeicherung und den ganzen Spass &#8211; nur ein Stichwort: Microsoft Recall. <br>Der Rest findet sich in den Texten von Snowden und Assange &#8211; ja, das interessiert Euch nicht.<br>Orwell hat da auch nette Geschichten dazu geschrieben.<br><br>Was soll da schon passieren?<br><br><\/p>\n\n\n\n<p><\/p>\n\n\n\n<p><strong>27.5.2024 &#8211; Die M\u00fcll-Polizei war da!<\/strong><\/p>\n\n\n\n<figure class=\"wp-block-image size-large\"><img loading=\"lazy\" decoding=\"async\" width=\"771\" height=\"1024\" src=\"https:\/\/www.bastel-bastel.de\/blog\/wp-content\/uploads\/2024\/05\/schweres_muellvergehen-771x1024.png\" alt=\"\" class=\"wp-image-11727\" srcset=\"https:\/\/www.bastel-bastel.de\/blog\/wp-content\/uploads\/2024\/05\/schweres_muellvergehen-771x1024.png 771w, https:\/\/www.bastel-bastel.de\/blog\/wp-content\/uploads\/2024\/05\/schweres_muellvergehen-226x300.png 226w, https:\/\/www.bastel-bastel.de\/blog\/wp-content\/uploads\/2024\/05\/schweres_muellvergehen-768x1020.png 768w, https:\/\/www.bastel-bastel.de\/blog\/wp-content\/uploads\/2024\/05\/schweres_muellvergehen-1157x1536.png 1157w, https:\/\/www.bastel-bastel.de\/blog\/wp-content\/uploads\/2024\/05\/schweres_muellvergehen.png 1205w\" sizes=\"auto, (max-width: 771px) 100vw, 771px\" \/><\/figure>\n\n\n\n<p>Gerade habe ich frustriert meinen Beitrag zum Thema Arbeit und Steuern geschrieben, da schl\u00e4gt die M\u00fcll-Polizei erbarmungslos zu.<br>Wir haben eine TODS\u00dcNDE begangen, es wurde ein Fehlwurf in unserer Papierm\u00fclltonne festgestellt!<br>Das geht nat\u00fcrlich absolut garnicht!<br><strong>Was war passiert?<\/strong><br>Nach \u00fcber 20 Jahren haben wir uns dazu entschieden, ein wenig Geld zu investieren, damit die M\u00fclltonnen im Hof nicht so h\u00e4sslich aussehen. Also haben wir M\u00fclltonnenboxen gekauft.<br>Im Zuge der &#8222;Versch\u00f6nerung&#8220; haben wir die M\u00fclltonnen umgestellt &#8211; Biom\u00fcll von ganz hinten nach ganz vorne.<br>Der Junior hat das nicht bemerkt und das Hasenklo wie immer in die letzte Tonne geleert &#8211; leider diesmal in den Papierm\u00fcll!<br>Nat\u00fcrlich hat er diese furchtbare Tat sofort bereut, den Dreck wieder herausgeholt und in die richtige Tonne umsortiert. Aber anscheinend war er nicht gr\u00fcndlich genug und ein paar K\u00f6ttel und Strohalme sind wohl nach unten durchgerutscht!<br>Da versteht die deutsche Staatsmacht keinerlei Spass!<br>Du darfst Menschen bel\u00fcgen und betr\u00fcgen, selbst bei verpr\u00fcgeln, vergewaltigen, mit der Machete aufschlitzen, mit dem LKW \u00fcberfahren oder \u00e4hnlichen Delikten liest man oft nur von sehr milden Strafen.<br><br><strong>Aber wehe, Du trennst Deinen M\u00fcll nicht richtig!<\/strong><br><br>Das ist eine absolute Tods\u00fcnde!<br>Da bekommst Du die geballte Macht der B\u00fcrokratie zu sp\u00fcren!<br>N\u00e4chste Mal bei einem Fehlwurf bitte die M\u00fclltonnen entleeren, auswaschen, die K\u00f6ttel herausfischen, das Papier abschlecken und b\u00fcgeln, denn nur absolut reines Papier kann auch sauber in der M\u00fcllverbrennung verwertet werden!<br>Merke: Gr\u00fcn ist zwar auch M\u00fcll, aber Wertstoff. Scheisse ist Braun und geh\u00f6rt deswegen in die Biotonne!<br><br>Ernsthaft? Ich hab nach der &#8222;Bezettelung&#8220; in die Tonne geschaut, da musste man schon sehr tief graben und mehr als 5 K\u00f6ttel und ein bisschen Stroh habe ich nicht gesehen. Ich bin aber auch kein M\u00fclldetektiv.<br>Vermutlich machen die das bei den M\u00fclleimern so, wie der Typ in Trainspotting mit dem Klo.<br><br>Aber egal &#8211; K\u00f6ttel ist K\u00f6ttel, wo k\u00e4men wir denn sonst hin!?<br><br>Also immer sch\u00f6n die Joghurtbecher auswaschen, Deckel und Becher getrennt entsorgen!<br><br>\u00dcbrigens: Biom\u00fcllt\u00fcten sind zwar kompostierbar und werden mit dem Hinweis verkauft, dass sie auf den Biom\u00fcll d\u00fcrfen, aber nat\u00fcrlich NICHT in die Biom\u00fclltonne, auch das ist ein schwerer Versto\u00df gegen das Reinheitsgebot beim deutschen M\u00fcll!<br><br>Immerhin, die F\u00fcllung der 2. Papiertonne war rein und sauber getrennt und unbeanstandet.<br><br>Langsam verstehe ich dieses Zitat, das der Claudia Roth zugeschrieben wird.<br>Ich m\u00f6chte es hier aber nicht wiedergeben, k\u00f6nnte strafbar sein, wenn man es als Privatperson benutzt.<br>Vielleicht stehen wir bereits unter \u00dcberwachung!<br><br>Das macht mich alles so m\u00fcde.<br><br>Deswegen mache ich jetzt erst einmal Pause, ich habe keine Lust mehr!<\/p>\n\n\n\n<p>PS.: Ich verstehe den Sinn der M\u00fcllpolizei (Wertstoffscouts). Es gibt ganz sicher ganz viele total falsch bef\u00fcllte Tonnen, bei denen ich total verstehen w\u00fcrde, wenn die nicht geleert w\u00fcrden.<br><br>Aber wenn ich in die beanstandete Tonne schaue, da kann ich nur mit dem Kopf sch\u00fctteln und denke &#8211; &#8222;was f\u00fcr ein M\u00fcll! &#8211; Typisch Deutsch!&#8220;<br><br>PPS.: Ich bin mir nicht sicher, ob ich alle Heftklammern und Klebefolienreste sauber entfernt habe.<br>Da mache ich mir jetzt doch ernsthaft Sorgen!<br><br>PPPS.: Ich nehme die Bedenken der Beh\u00f6rden sehr ernst, werde das mit unserem Sohn besprechen und ihn entsprechend sensibilisieren.<br><br><br><\/p>\n\n\n\n<p><strong>27.5.2024 Dumm ist, wer Steuern zahlt!<\/strong><\/p>\n\n\n\n<p>Gestern, am Sonntag, habe ich nichts getan. \u00dcberhaupt nichts!<br>Das erste Mal, seit sehr langer Zeit!<br>Ausser nachgedacht &#8211; wieso ich eigentlich sonst immer 6-7 Tage die Woche und t\u00e4glich 10-14 Stunden arbeite. <br><strong>Das muss weniger werden!<\/strong><br>Jeder, der so dumm ist, wie ich, sollte sich beispielsweise die Drucksache 20\/9761 des Deutschen Bundestages anschauen. Daf\u00fcr Steuern zahlen? <br>Nein, lieber weniger arbeiten.<br>Um keine Fake-News zu verbreiten, verlinke ich das mal im Original. <br>Die werden sicher nicht l\u00fcgen, beim Deutschen Bundestag: <a href=\"https:\/\/dserver.bundestag.de\/btd\/20\/097\/2009761.pdf\">https:\/\/dserver.bundestag.de\/btd\/20\/097\/2009761.pdf<\/a><br>Runterscrollen bis zum Anhang und staunen!<br><br><strong>Ernsthaft? <\/strong><br>Von Wegen FAKE-News mit den Fahrradwegen in Lima &#8211; &#8222;Aufbau eines Fahrradwegnetzes im Metropolbereich Lima&#8220; in Peru &#8211; 20.000.000,00 Euro<br>Die 57.975.860,54 Euro (54 Cent &#8211; deutsche Gr\u00fcndlichkeit!) f\u00fcr Nachhaltige Urbane Mobilit\u00e4t in ausgew\u00e4hlten St\u00e4dten Perus ist nat\u00fcrlich auch total wichtig!<br><br>Die gesamten Schul- und Bildungsprojekte sch\u00f6n und vielleicht n\u00fctzlich, aber wieso nicht einfach die Schulen in Deutschland st\u00e4rken?<br>Die ganzen Projekte in Indien &#8211; einem Staat mit Mondlandeprojekt und Atomwaffen &#8211; nee, das geht \u00fcber meinen Horizont. Wie w\u00e4rs mit einem deutschen Weltraumprojekt? Und die Medizinproduktion (&gt;80%) aus Indien nach Deutschland zur\u00fcckholen?<br>&#8222;Klimafreundliche Urbane Mobilit\u00e4t III&#8220; in Indien &#8211; 210.889.058,79 Euro &#8211; WHAT THE FUCK??? Man beachte auch hier die 79 cent!<br>Da sind noch mehr Summen f\u00fcr Indien aufgelistet &#8211; 86978571,27 Euro, 48668601,54 Euro, 70979813,20 Euro, usw.<br><\/p>\n\n\n\n<p>4.612.250,00 Euro f\u00fcr K\u00fchlschr\u00e4nke in Kolumbien?<br>Selbst die T\u00fcrkei bekommt Millionen.<br>6.500.000,00 Euro f\u00fcr &#8222;Jugendfreundliche Dienste&#8220; in Kenia???<br><br>Ab sofort versuche ich die 4-Tage-Woche.<br>Weniger Einkommen ist irrelevant, da ab einer gewissen Schwelle sowieso der Gro\u00dfteil an den Staat geht.<br>Umsatzsteuer sowieso, Einkommensteuer, IHK-Abgaben, Gewerbesteuer, usw.<br>100,- Euro weniger einnehmen heisst vielleicht 20,- Euro weniger verdienen, aber 80,- Euro weniger Abgaben.<br>Gro\u00dfe Firmen wandern zur Zeit in Massen aus Deutschland ab, oder verlagern zumindest ihre Steuersitze ins Ausland. Ich kann das nicht. Aber weniger Arbeiten ist m\u00f6glich. <br><\/p>\n\n\n\n<p><\/p>\n\n\n\n<p><strong>24.5.2024 Ist das Ende nah?<\/strong><\/p>\n\n\n\n<p>Es gibt so viel Dummheit in der Welt, man k\u00f6nnte t\u00e4glich als Vollzeitjob Kommentare dazu schreiben.<br>Allerdings gibt es nat\u00fcrlich immer auch die Andersdenkenden, die meinen, alles w\u00e4re gut.<br>Wenn man nur noch Idioten sieht, ist man dann vielleicht selbst der Idiot?<br><br>Vermutlich bin ich einfach nur zu alt f\u00fcr diesen Scheiss.<br>Verwirrt und bekloppt. Ein Schwarzseher und Querulant.<br>Deswegen versuche ich einfach weniger zu schreiben. Es nutzt sowieso nichts.<br><br>Maximal bringt es mich einfach nur selbst in Schwierigkeiten.<br>Daher einfach still sein, eine T\u00fcte Chips und den Lauf der Geschichte geniessen:<br><br>T\u00e4glich Horrormeldungen, dass der Supervulkan in Italien, die Phlegr\u00e4ischen Felder, bald ausbricht.<br>Das d\u00fcrfte weite Teile der Welt ver\u00e4ndern.<br><br>Soll die Ukraine die Russen auch auf russischem Gebiet angreifen d\u00fcrfen? Warum eigentlich nicht?<br>Aber wie antwortet dann der Zar? Und welche Meldungen vom Krieg sind \u00fcberhaupt wahr?<br>\u00dcbungen mit Atomraketen in Belarus? Hat so nicht schon der Ukraine-Krieg angefangen?<br>Den Aufmarsch als \u00dcbung tarnen und dann draufhauen? Die Gegner fallen jedes Mal drauf rein.<br><br>Greift China jetzt in Taiwan durch?<br>War Putin bei Xi, um die 2 Fronten abzukl\u00e4ren? USA im Krieg mt China entlastet Russland in Europa?<br>\u00dcberhaupt, wieso wollen Menschen, die schon alles und mehr als alle anderen haben, immer auch noch anderen was wegnehmen?<br>Ist es nicht naiv vom Westen, 80% der essentiellen Chipproduktion auf eine Insel zu verlagern, die seit Jahrzehnten umstritten ist? Ein Angriff w\u00fcrde die komplette Welt ins Chaos st\u00fcrzen.<br><br>Der Klimawandel wird wieder verlacht und verneint, denn in Deutschland ist es zur Zeit eher zu nass als zu trocken, zu k\u00fchl als zu hei\u00df. Die Dumpfbacken in den (a)sozialen Medien erkennen die globalen Zusammenh\u00e4nge nicht. S\u00fcdamerika, wo die Affen der Hitze wegen tot von den B\u00e4umen fallen und der Amazonas austrocknet, geh\u00f6rt auch dazu, das ist derselbe Planet.<br>Die aktuelle Lage bei uns ist nur Wetter, kein Klima.<br>Der globale Trend ist erschreckend.<br>Genug gejammert, das sind nur ein paar aktuelle Probleme, die niemanden k\u00fcmmern.<br>Jedes einzelne mit genug Potential, unsere Zivilisation komplett zu ver\u00e4ndern.<br>Es interessiert aber niemanden!<br>Also weiter so &#8211; bis es auch f\u00fcr uns knallt &#8211; dann werden wieder alle jammern, wie pl\u00f6tzlich alles kam und dass es ja niemand vorhersehen konnte.<br><br>Bis dahin &#8211; haltet die Ohren steif!<br><\/p>\n\n\n\n<p><\/p>\n\n\n\n<p><strong>3.5.2024 Viva la Balltreter-EM &#8211; noch mehr Geld f\u00fcr die Reichen<\/strong>?<\/p>\n\n\n\n<p>Heute hagelt es aber wieder Geschenke! <br>In den letzten Tagen wurde bekannt, dass unser Olaf vor l\u00e4ngerer Zeit (ich weiss nicht, ob er sich da noch dran erinnert), in seiner Funktion als Finanzverwalter unter seiner Chefin, der Angie, dem Welt-Balltreter-Verband diverse Steuererleichterungen und -erlassungen f\u00fcr die Balltreter-EM in Deutschland versprochen hat.<br>Nat\u00fcrlich gilt das Steuergeheimnis und der Normalb\u00fcrger w\u00e4re mit der Info nur irritiert.<br>Man munkelt von einem dreistelligen Millionenbetrag.<br>W\u00e4hrend der dumme Michel also buckelt und sich vor dem Finanzamt nackig machen muss, damit man auch den letzten Steuer-Cent herauspressen kann, bekommen milliardenschwere ausl\u00e4ndische Konzerne das Geld da hin gesteckt, wo nie die Sonne scheint. <br>Mal ernsthaft &#8211; das sind doch FAKE-News? <br>Wieso bringen die Medien so einen Mist? Das macht doch nur w\u00fctend!<br>Nicht? Ja, hauptsache Balltreter-Event in Deutschland &#8211; dann m\u00f6gen uns wieder alle.<br>Da kann man nur hoffen, dass die Freunde des Kalifats keine bombastischen Events draus machen.<br><\/p>\n\n\n\n<p><\/p>\n\n\n\n<p><strong>3.5.2024 Weitere Milliardengeschenke f\u00fcr die Pal\u00e4stinenser<\/strong><\/p>\n\n\n\n<p>Irgendwann werden sie mich wegen meiner Beitr\u00e4ge zur Weltpolitik holen.<br>Ich schreibe ja schon garnicht alles, was ich denke, aber bei 1.000.000.000 Euro Steuergeldern, die von braven EU-B\u00fcrgern erarbeitet wurden und die jetzt wieder an die Pal\u00e4stinenser verschenkt werden, da muss ich einfach mal wieder den Kopf sch\u00fctteln.<br>Vielen Dank Frau vdL, f\u00fcr ihre g\u00fctige Spende!<br>Der gesamte Betrag wird auch garantiert zweckgebunden eingesetzt und verschwindet nicht in den Taschen irgendwelcher obskuren M\u00e4chte.<br>Wieso nicht einfach 1 Milliarde in die Grenzsicherung der EU stecken?<br>Mit den Spenden kaufen sich irgendwelche Gruppierungen Waffen, sorgen f\u00fcr noch mehr Unruhe und noch mehr Fl\u00fcchtlinge. Nee, das sind nur meine wirre Gedanken, das wird sicher nicht so passieren.<br>Da steckt ein ganz ausgekl\u00fcgelter Plan dahinter. Nat\u00fcrlich ist der geheim, sonst w\u00fcrde er die Menschen nur verunsichern.<\/p>\n\n\n\n<p><\/p>\n\n\n\n<p><strong>3.5.2024 China-Diktatur oder lieber ein Kalifat?<\/strong><\/p>\n\n\n\n<p>Jeder, der gegen Mainstream spricht oder schreibt, ist ganz sicher gesichert r\u00e4chts.<br>Deswegen schreibe ich lieber nichts, sondern stelle nur die Frage:<br>Was ist Euch lieber? <br>1. Die Anbiederung einer aufstrebenden Randgruppe, die ich im \u00fcbrigens nicht w\u00e4hlen w\u00fcrde, an China.<\/p>\n\n\n\n<p>2. Die Einf\u00fchrung eines Kalifats, das &#8211; aus welchen Gr\u00fcnden auch immer &#8211; von einigen anderen, etablierten Parteien pr\u00e4feriert und gef\u00f6rdert wird. <br><br>Ich stehe da nur daneben und staune. Beides w\u00e4ren f\u00fcr mich keine Optionen.<br><br><strong>Warum kann nicht einfach alles so wie fr\u00fcher sein?<\/strong><br>Damit meine ich \u00fcbrigens nur die Zeit der Jahre VOR 2015!<br>Nicht weiter zur\u00fcck, denn das braune Pack will von den Normaldenkern nat\u00fcrlich ebensowenig irgendwer zur\u00fcck, wie die bekloppte Idee mit dem Rollator-Reichsb\u00fcrger als K\u00f6nig und der Staatsform von 1871.<br><br><\/p>\n\n\n\n<p><strong>25.4.2024 Spionage und die Naivit\u00e4t deutscher Firmen &#8211; Neuland \u00fcberall!<\/strong><\/p>\n\n\n\n<p>Wusstet Ihr das schon?<br>Es gibt genau 2 Arten von Firmen in Deutschland:<br><br><strong><em>Die, die von den Chinesen ausspioniert wurden<br>und die, die es noch nicht bemerkt haben!<\/em><\/strong><\/p>\n\n\n\n<p>Unfassbar, wie naiv man in Deutschland mit so etwas umgeht &#8211; und Europol schl\u00e4gt auch noch vor, dass Verschl\u00fcsselung verboten werden soll &#8211; sind das etwa Chinesen?<br><br>PS.: nat\u00fcrlich ist meine Webseite NICHT sicher und vielleicht bereits gehackt.<br>Ich behaupte nicht, dass mein System unknackbar ist.<br>Irgendwer wird einen Weg finden, wenn er\/sie\/es will.<br>Allerdings habe ich auch keine wichtigen Geheimnisse auf dem Rechner. <br>Gezielte Wirtschaftsspionage ist bei mir also eher unwahrscheinlich.<br>Vermutlich wird mich irgendwann mal ein durchgeknalltes Script-Kiddie treffen und irgendwas l\u00f6schen oder verschl\u00fcsseln.<br>Deswegen mache ich regelm\u00e4\u00dfig <strong><a href=\"https:\/\/www.bastel-bastel.de\/blog\/index.php\/2019\/10\/22\/backupkonzept-datensicherung\/\">Backups<\/a><\/strong>, vor allem EXTERNE und kann das auch nur jedem empfehlen.<br><a href=\"https:\/\/www.bastel-bastel.de\/blog\/index.php\/2019\/10\/22\/backupkonzept-datensicherung\/\">Backups<\/a> helfen zwar nicht gegen Spionage, aber gegen gel\u00f6schte oder zerst\u00f6rte Daten.<br>Wenn der Hacker nicht nur Deine Nackigfotos anschaut, sondern diese auch noch l\u00f6scht &#8211; dann ist ein <a href=\"https:\/\/www.bastel-bastel.de\/blog\/index.php\/2019\/10\/22\/backupkonzept-datensicherung\/\">Backup<\/a> wichtig!<br><\/p>\n\n\n\n<p><\/p>\n\n\n\n<p><strong>24.4.2024 Europol warnt IKT-Branche und Regierungen vor Ende-zu-Ende-Verschl\u00fcsselung!<\/strong><\/p>\n\n\n\n<p>Russen und Chinesen sitzen in der Ecke und lachen, die NSA klatscht sich auf die Schenkel!<br><br>&#8222;Regierungen und Industrie m\u00fcssten dringend Ma\u00dfnahmen gegen Ende-zu-Ende-Verschl\u00fcsselung ergreifen&#8220;<br>Ernsthaft? <br>Um Spionage zu verhindern ben\u00f6tigt man UNBEDINGT Verschl\u00fcsselung und in Dummropa will man das verbieten?<br>Nat\u00fcrlich &#8211; der Aufbau eines Polizeistaates wird durch Verschl\u00fcsselung erschwert.<br>Und wieder wird der sexuelle Kindesmi\u00dfbrauch als Grund aufgef\u00fchrt, genauso wie Menschenhandel, Drogenschmuggel, T\u00f6tungsdelikte, Wirtschaftskriminalit\u00e4t und Terrorismus!<br>Ist das nicht auch eine Art Kindesmi\u00dfbrauch, wenn man die Kinder immer und immer wieder als vorgeschobenen Grund mi\u00dfbraucht?<br><br>Gegen Hacker helfen keine Verbotsschilder, nur Verschl\u00fcsselung und starke Sicherheitsma\u00dfnahmen!<br>Und morgen wundern wir uns wieder \u00fcber die Schlagzeilen, wenn irgendwo irgendwelche Wirtschafsgeheimnisse abgegriffen werden.<br>Macht aber nichts, die sind ja nicht weg, die hat dann nur jemand anders.<br><br>Nein, ich habe nichts zu verbergen, meine Daten gehen Euch trotzdem nichts an!<br>Gerne d\u00fcrft Ihr meine Datentr\u00e4ger anschauen &#8211; aber bitte erst einmal die Namen zu Kohls schwarzen Koffern und alle Daten zu Cum-Ex ver\u00f6ffentlichen.<br><br>PS: T\u00fcrschl\u00f6sser geh\u00f6ren verboten, erschweren sie doch heimliche Hausdurchsuchungen!<br><strong>Es lebe der Polizeistaat! <\/strong>(&lt;- f\u00fcr die Dummies: das war jetzt nat\u00fcrlich Sarkasmus!)<br><br><\/p>\n\n\n\n<p><strong>24.4.2024 Kriegsdrohnen? Das muss irgendwas mit Neuland zu tun haben!<\/strong><\/p>\n\n\n\n<p>Wieder was zum Fremdsch\u00e4men: <br>&#8222;EXPERTEN SIND \u00dcBERRASCHT, dass der Krieg in der Ukraine haupts\u00e4chlich mit Drohnen gef\u00fchrt wird!&#8220;<\/p>\n\n\n\n<p>Mal ernsthaft: <br>Reitet die deutsche Kavallerie noch? (Vielleicht aus Tierschutzgr\u00fcnden mit Steckenpferden?)<br>Sch\u00e4rft die S\u00e4bel! Katapulte an die Front!<br>F\u00fcr was sind die genannten Menschen EXPERTEN?<br>In der Tat: Deutschland hat keine Kampfdrohnen und auch keine brauchbare Luftabwehr.<br>Geh mir weg mit diesem modernen Scheiss!<br>Daf\u00fcr br\u00e4uchte man ja auch Compjud\u00e4 und \u00e4hnliches Teufelszeug!<br><br>Die Gepard-Panzer wurden mitsamt der Heeres-Luftverteidigung vor Jahren abgeschafft.<br>Der Neuaufbau umfasst 19 (NEUNZEHN) Luftabwehrkanonen und soll bis 2030 abgeschlossen sein.<br>19 St\u00fcck f\u00fcr ganz Deutschland? Das reicht ja nicht mal f\u00fcr Berlin!<br>Aber wer weiss &#8211; David hat Goliath ja auch mit einem Stein erledigt.<br><\/p>\n\n\n\n<p><strong>23.4.2024 Bombiges Wetter zum 1. Mai?<\/strong><\/p>\n\n\n\n<p>Eins meiner Lieblings-Bullshitbingo-Onlinemedien haut mal wieder einen Kracher raus.<br>Nach K\u00e4lte-Hammer und Wintereinbruch vor ein paar Tagen, hat sich der Wind gedreht:<\/p>\n\n\n\n<figure class=\"wp-block-image size-full\"><img loading=\"lazy\" decoding=\"async\" width=\"831\" height=\"103\" src=\"https:\/\/www.bastel-bastel.de\/blog\/wp-content\/uploads\/2024\/04\/temperaturexplosion.png\" alt=\"\" class=\"wp-image-11655\" srcset=\"https:\/\/www.bastel-bastel.de\/blog\/wp-content\/uploads\/2024\/04\/temperaturexplosion.png 831w, https:\/\/www.bastel-bastel.de\/blog\/wp-content\/uploads\/2024\/04\/temperaturexplosion-300x37.png 300w, https:\/\/www.bastel-bastel.de\/blog\/wp-content\/uploads\/2024\/04\/temperaturexplosion-768x95.png 768w\" sizes=\"auto, (max-width: 831px) 100vw, 831px\" \/><\/figure>\n\n\n\n<p>Ja, es wird (endlich) w\u00e4rmer. <br>Man kann das als Temperatur-Explosion bezeichnen, wenn man bl\u00f6de ist.<br>Oder einfach als ganz normalen Temperaturanstieg, der f\u00fcr die aktuelle Jahreszeit total zu erwarten ist.<br>Vielleicht sind es aber auch nur Hirnf\u00fcrze, die dem Schreiberling wie Explosionen klingen.<br>Mit Normalit\u00e4ten gibt es eben keine Klicks, daher: Es gibt Bombenwetter am 1. Mai &#8211; eine Temperaturexplosion ist zu erwarten &#8211; oder auch nicht! <br><br>Vorhersagen \u00fcber mehr als 3 Tage sind rein spekulativ.<br><br>Vorsicht, geht nicht vor die T\u00fcr &#8211; dort gibt es WETTER!<\/p>\n\n\n\n<p><\/p>\n\n\n\n<p><strong>23.4.2024 Spionage f\u00fcr China!<\/strong><\/p>\n\n\n\n<figure class=\"wp-block-image size-large\"><img loading=\"lazy\" decoding=\"async\" width=\"1024\" height=\"790\" src=\"https:\/\/www.bastel-bastel.de\/blog\/wp-content\/uploads\/2021\/12\/DSC01601-1024x790.jpg\" alt=\"\" class=\"wp-image-6455\" srcset=\"https:\/\/www.bastel-bastel.de\/blog\/wp-content\/uploads\/2021\/12\/DSC01601-1024x790.jpg 1024w, https:\/\/www.bastel-bastel.de\/blog\/wp-content\/uploads\/2021\/12\/DSC01601-300x231.jpg 300w, https:\/\/www.bastel-bastel.de\/blog\/wp-content\/uploads\/2021\/12\/DSC01601-768x593.jpg 768w, https:\/\/www.bastel-bastel.de\/blog\/wp-content\/uploads\/2021\/12\/DSC01601-1536x1185.jpg 1536w, https:\/\/www.bastel-bastel.de\/blog\/wp-content\/uploads\/2021\/12\/DSC01601.jpg 2000w\" sizes=\"auto, (max-width: 1024px) 100vw, 1024px\" \/><\/figure>\n\n\n\n<p>Bei VW sollen jahrelang Spione Gesch\u00e4ftsgeheimnisse nach China geschleust haben.<br>Woanders sollen Irgendwelche Spione f\u00fcr China Milit\u00e4rdaten ausspioniert haben.<br>Wieso gibts diese News jetzt so geballt? <br>Kam eine Mail aus den USA?<br>Den Schenkelklopfer liefert aber unsere Nancy: <br>&#8222;\u00dcber 40.000 Chinesen (und auch -innen) studieren in Deutschland (wer bezahlt?).<br>Nat\u00fcrlich inklusive Praktikum bei deutschen Firmen.<br>Es ist bekannt, dass diese dem chinesischen Staat verpflichtet sind.<br>Man nehme das Problem sehr ernst!&#8220;<\/p>\n\n\n\n<p>Abgesehen davon, dass &#8222;das Problem ernstnehmen&#8220; gleichbedeutend ist mit &#8222;geht mir sonst wo vorbei&#8220;.<br>Man weiss also, dass spioniert wird, tut aber nichts dagegen?<br>Ist das schlau? <br>Wieder einmal verstehe ich etwas nicht und ich frage mich: &#8222;WARUM?&#8220;<br><br>(Nachtrag, siehe Beitrag vom 24.4.: Vermutlich hat VW in vorauseilendem Gehorsam auf die Verschl\u00fcsselung verzichtet, ich weiss es nicht)<br><\/p>\n\n\n\n<p><\/p>\n\n\n\n<p><strong>23.4.2024 Eilmeldung: Es gibt wieder Wetter!<\/strong><br>Vor ein paar Tagen: <strong>EILMELDUNG: Wintereinbruch steht bevor.<\/strong><br>Heute: <strong>EILMELDUNG: Ende des Wintereinbruchs steht bevor.<\/strong><br>Nun, das Wetter kommt, wie es kommt und alles, was derzeit als krass und eilmeldungsbed\u00fcrftig in die Medien gerotzt wird, ist ganz normal, oder doch nicht?<br>Fakt ist, dass es einen Klimawandel gibt. <br>Den gab es schon immer. <br>Diesmal aber anscheinend viel schneller, als fr\u00fcher. <br>Vermutlich durch den Einfluss der Menschheit. So genau weiss das niemand.<br>Was die meisten aber nicht begreifen: <br>Es geht nicht darum, ob der Mensch Schuld ist (ist er!), man kann es sowieso nicht mehr \u00e4ndern!<br>Nein, es geht darum, dass wir uns auf den Klimawandel einstellen m\u00fcssen!<br>Wenn in den asozialen Medien \u00fcber die Meteorologen gelacht wird, weil es trotz &#8222;Erw\u00e4rmung&#8220; derzeit hier ziemlich kalt ist, da empfehle ich einen Blick \u00fcber den Tellerrand!<br> S\u00fcdamerika: D\u00fcrre, Spanien: D\u00fcrre.<\/p>\n\n\n\n<figure class=\"wp-block-image size-full\"><img loading=\"lazy\" decoding=\"async\" width=\"768\" height=\"1024\" src=\"https:\/\/www.bastel-bastel.de\/blog\/wp-content\/uploads\/2022\/08\/rasensmilie.jpeg\" alt=\"D\u00fcrre in Deutschland\" class=\"wp-image-7824\" srcset=\"https:\/\/www.bastel-bastel.de\/blog\/wp-content\/uploads\/2022\/08\/rasensmilie.jpeg 768w, https:\/\/www.bastel-bastel.de\/blog\/wp-content\/uploads\/2022\/08\/rasensmilie-225x300.jpeg 225w\" sizes=\"auto, (max-width: 768px) 100vw, 768px\" \/><\/figure>\n\n\n\n<p><br>Der Panamakanal hat Probleme, weil es nicht mehr genug Wasser f\u00fcr die Schleusen gibt.<br>Der Natur ist das egal und sie findet immer einen Weg.<br>F\u00fcr die Menschen wird es ungem\u00fctlich.<br>Die Folgen: Migration, Armut, Kriege. <br>Denkt daran, wenn Ihr das n\u00e4chste Mal lacht!<\/p>\n\n\n\n<p><\/p>\n\n\n\n<p><strong>17.4.2024 Selensky will den NATO-Rat einberufen!<\/strong><\/p>\n\n\n\n<p>Gr\u00f6\u00dfenwahnsinnig ist der Forderer nicht. <br>Die Ukraine ist kein Mitglied der Nato und hat \u00fcberhaupt nichts einzuberufen. <br>Bitten k\u00f6nnen sie und ein bisschen Demut w\u00e4re auch ganz n\u00fctzlich.<br>Dieses ewige FORDERN nervt nur noch, aber es springen ja genug darauf an.<br>Der nimmt sich ziemlich wichtig.<br>Habe gerade deswegen mit Biden telefoniert, der hat nur gelacht.<br><br>PS.: Das neue ukrainische Einberufungsgesetz d\u00fcrfte uns wieder ein paar Tausend neue Fl\u00fcchtlinge bescheren. Vielleicht sollte man die mal vom B\u00fcrgergeld ausnehmen. Wieso sollen Ukrainer hier Sonderrechte haben?<\/p>\n\n\n\n<p><\/p>\n\n\n\n<p><strong>16.4.2024 Alle wachsen, nur einer nicht!<\/strong><\/p>\n\n\n\n<p>IWF erwartet Wachstum f\u00fcr Russland<br>IWF erwartet Wachstum f\u00fcr die Ukraine<br>Als g\u00e4be es keinen Krieg&#8230;<br>IWF sieht kein Wachstum f\u00fcr Deutschland &#8211; kann man nichts machen, ist halt so.<br>Daf\u00fcr kann man hier jetzt legal kiffen und sein Geschlecht \u00e4ndern. Hat auch was.<\/p>\n\n\n\n<p><\/p>\n\n\n\n<p><strong>16.4.2024 Menschen, die sich als Frauen lesen, m\u00fcssen nicht k\u00e4mpfen!<\/strong><\/p>\n\n\n\n<p>Das mit der Gleichberechtigung ist so eine Sache. <br>Erst waren es die Feministinnen, die gleiche Rechte f\u00fcr Frauen gefordert haben, was ja grunds\u00e4tzlich voll legitim ist. <br>Irgendwann kam aber alles irgendwie durcheinander und jetzt k\u00f6nnen Frauen divers sein, M\u00e4nner sich als menstruationslose Frauen lesen und keiner blickt mehr durch, was sonst noch alles m\u00f6glich ist. <br>Ist ja auch egal, jeder wie er\/sie\/es will.<br><br>Nur: Wenn es zum Krieg kommt, dann sind erst einmal ausschliesslich die M\u00e4nner die gearschten!<br>Nur f\u00fcr M\u00e4nner gilt die Pflicht, den Kopf hinzuhalten.<br>Der Tipp des Tages kommt (ungewollt) von unserer politischen Elite:<br>Im Falle eines Krieges sollte sich im Zuge der Geschlechtergerechtigkeit einfach alle M\u00e4nner ein diverses Geschlecht zuschreiben lassen. Schon sind sie von der Pflicht befreit.<br>(Das war anders formuliert, aber der Tipp ist durchaus r\u00fcbergekommen)<br>So einfach geht das in Deutschland 2024!<\/p>\n\n\n\n<p><\/p>\n\n\n\n<p><strong>15.4.2024 R\u00fcckgang der Schadstoffemissionen um 10%<\/strong><\/p>\n\n\n\n<p>Toll, Deutschland hat das Klimaziel erreicht und 2023 10% weniger Klimagase (seltsamer Begriff) ausgestossen. Gebracht hat das nicht viel, denn um es mit Habeck zu sagen:<br><strong>Die Emissionen sind nicht weg, sie erfolgen jetzt nur irgendwo anders.<\/strong><br>Deutschland baut ab und die Firmen verlagern ihre Produktionen ins Ausland.<br>Alles voll im Plan!<br><br><\/p>\n\n\n\n<p><strong>15.4.2024 Stromnotstand wegen W\u00e4rmepumpen!<\/strong><\/p>\n\n\n\n<figure class=\"wp-block-image size-large\"><img loading=\"lazy\" decoding=\"async\" width=\"1024\" height=\"746\" src=\"https:\/\/www.bastel-bastel.de\/blog\/wp-content\/uploads\/2021\/10\/20210923_161127-1024x746.jpg\" alt=\"\" class=\"wp-image-5084\" srcset=\"https:\/\/www.bastel-bastel.de\/blog\/wp-content\/uploads\/2021\/10\/20210923_161127-1024x746.jpg 1024w, https:\/\/www.bastel-bastel.de\/blog\/wp-content\/uploads\/2021\/10\/20210923_161127-300x219.jpg 300w, https:\/\/www.bastel-bastel.de\/blog\/wp-content\/uploads\/2021\/10\/20210923_161127-768x559.jpg 768w, https:\/\/www.bastel-bastel.de\/blog\/wp-content\/uploads\/2021\/10\/20210923_161127-1536x1119.jpg 1536w, https:\/\/www.bastel-bastel.de\/blog\/wp-content\/uploads\/2021\/10\/20210923_161127.jpg 2000w\" sizes=\"auto, (max-width: 1024px) 100vw, 1024px\" \/><\/figure>\n\n\n\n<p>Boom &#8211; das ist mal eine klickw\u00fcrdige Headline in einem meiner Lieblings-Mainstream-Schmuddelmedien.<\/p>\n\n\n\n<p>In Oranienburg (bei Berlin) droht angeblich das Stromnetz in die Knie zu gehen.<br>Schuld w\u00e4ren Elektroautos und W\u00e4rmepumpen (was sonst).<br>So eine W\u00e4rmepumpe braucht selten mehr als 2kW, auch ein Elektroauto ist \u00fcber Nacht bei 2-3 kW locker aufzuladen. Aber hey &#8211; es g\u00e4be ja nichts zu schimpfen, wenn das jeder w\u00fcsste.<br><br>Ganz beil\u00e4ufig steht dann im Text, dass in den letzten 20 Jahren nichts investiert wurde, aber 10.000 Leute + viel Industrie neu angesiedelt wurde. Klar, dadurch wird das Stromnetz sicher nicht belastet.<br>Auch sonst gibt es ja auch keinerlei Entwicklung, die irgendwie mehr Strom ben\u00f6tigt &#8211; Wer hat schon Mikrowelle, 80&#8243;-Fernseher, Computer, Handy und sonst jede Menge elektrischer Verbraucher, die es vor 20 Jahren noch nicht in der Art gab? <br>Nein, Schuld sind ganz allein Elektroautos und W\u00e4rmepumpen.<br>Konnte ja auch niemand vorhersehen.<br>Das kam irgendwie so ganz pl\u00f6tzlich \u00fcber Nacht &#8211; Zack &#8211; Willkommen Zukunft!<br>Vielleicht sollte man einfach immer mit 20% Reserve planen, dann k\u00f6nnte man rechtzeitig nachr\u00fcsten.<br>Wenn man nat\u00fcrlich erst bei 100% Auslastung zu planen anf\u00e4ngt, das ist irgendwie nicht so toll.<br><br>Ich gebe mal als Laie einen Tipp ab: <br>Es liegt nicht (nur) an den W\u00e4rmepumpen und den Elektroautos.<br>Das hat auch etwas mit Kompetenz und Weitsichtigkeit zu tun.<br><\/p>\n\n\n\n<p><\/p>\n\n\n\n<p><strong>15.4.2024 UNGLAUBLICH, dieser Schutzschirm \u00fcber Israel<\/strong><\/p>\n\n\n\n<figure class=\"wp-block-image size-large\"><img loading=\"lazy\" decoding=\"async\" width=\"1024\" height=\"919\" src=\"https:\/\/www.bastel-bastel.de\/blog\/wp-content\/uploads\/2022\/07\/20220220_164505-1024x919.jpg\" alt=\"\" class=\"wp-image-7581\" srcset=\"https:\/\/www.bastel-bastel.de\/blog\/wp-content\/uploads\/2022\/07\/20220220_164505-1024x919.jpg 1024w, https:\/\/www.bastel-bastel.de\/blog\/wp-content\/uploads\/2022\/07\/20220220_164505-300x269.jpg 300w, https:\/\/www.bastel-bastel.de\/blog\/wp-content\/uploads\/2022\/07\/20220220_164505-768x690.jpg 768w, https:\/\/www.bastel-bastel.de\/blog\/wp-content\/uploads\/2022\/07\/20220220_164505-1536x1379.jpg 1536w, https:\/\/www.bastel-bastel.de\/blog\/wp-content\/uploads\/2022\/07\/20220220_164505-2048x1839.jpg 2048w\" sizes=\"auto, (max-width: 1024px) 100vw, 1024px\" \/><\/figure>\n\n\n\n<p>Der Iran hat also \u00fcber 350 (oder \u00fcber 300, je nach Quelle) Raketen, Drohnen und \u00e4hnliches nach Israel geschickt. <br>Die Experten streiten sich, ob das &#8222;symbolisch&#8220; war, weil vorher gewarnt wurde und die Flugzeit der Drohnen \u00fcber 6 Stunden betrug, oder ob der Abwehrschirm getestet werden sollte.<br><br>Unsere Au\u00dfenministerin findet den Schutzschirm jedenfalls UNGLAUBLICH (ARD Tagesschau 14.4.) und das wiederum finde ich unglaublich:<br>Wieso hat das angeblich so reiche Deutschland so etwas nicht?<br>(Klar Deutschland ist zu gro\u00df, aber wir k\u00f6nnten nicht mal unsere St\u00e4dte sch\u00fctzen. <br>Wobei Berlin? OK, kann man dr\u00fcber reden, ob man das braucht)<br>Angesichts der wiederholten Drohungen aus Russland, deutsche St\u00e4dte zu bombardieren, w\u00e4re es doch nicht unschlau, so etwas zu besitzen?<br>Wieso finden Politiker profane Technik so UNGLAUBLICH?<br>Weil sie sie nicht verstehen? Ich verstehe das nicht.<br>Von den angeblich vorhandenen 12 Patriot-Systemen geht ein weiteres in die Ukraine, das wurde am Wochenende der \u00d6ffentlichkeit erz\u00e4hlt.<br>20 IRIS-T-Systeme wurden der Ukraine f\u00fcr dieses Jahr versprochen. <br>Wer bezahlt? Und wieso hat die Bundeswehr das nicht? Null, Nada, Nichts! <br>Made in Germany, f\u00fcr andere, nicht f\u00fcr uns.<br>Alle Gepard-Flugabwehrpanzer stehen mittlerweile in der Ukraine.<br>Ab und zu findet sich wohl doch noch einer in irgendeinem Depot und ab damit &#8211; Ihr wisst schon, wohin.<br><br>Was hat Deutschland? Entweder ist es UNGLAUBLICH fahrl\u00e4ssig, dass wir so etwas nicht haben, oder es ist UNGLAUBLICH geheim, weil es die Bev\u00f6lkerung verwiren w\u00fcrde.<br><br>Gestern war ein Experte in den Nachrichten, der findet das Verhalten der reGIERung unglaublich naiv.<br>Ich bin kein Experte, daher kann ich da nicht widersprechen. Beurteilen kann ich das aber auch nicht.<br>Als Laie finde ich das einfach UNGLAUBLICH.<br><br>UNGLAUBLICH ist auch die Tatsache, dass Deutschland angeblich 500 Taurus Marschlugk\u00f6rper hat, von denen aber nur 300 einsatzf\u00e4hig sind. Kampfdrohnen hat Deutschland offiziell nicht.<br>Der Iran ballert &#8222;zum Test&#8220; 350 Raketen und Drohnen nach Israel, also mehr, als Deutschland insgesamt zur Verf\u00fcgung hat.<br>Heute fr\u00fch liest man in den Medien die Frage, ob Deutschland Israel im Falle einer Eskalation milit\u00e4risch beistehen muss &#8211; womit? Alle Helme und Schutzwesten sind bereits in der Ukraine!<br>Die offiziell bekannten Infos \u00fcber den Zustand unserer Verteidigung machen einen traurig, da kann man nur hoffen, dass im Ernstfall die geheimen Depots ge\u00f6ffnet werden.<br><br>UNGLAUBLICH ist auch, dass die Abwehr angeblich \u00fcber 1 Milliarde Dollar gekostet hat. <br>Was h\u00e4tte man damit f\u00fcr unglaublich gute Dinge f\u00fcr die Menschheit tun k\u00f6nnen.<br><br>Wo sind eigentlich die j\u00e4hrlich 50 Milliarden im Bundeshaushalt f\u00fcr die Verteidigung hin?<br>Angeblich ist alles gammelig, es gibt keine Waffen, die Kasernen verschimmeln, nichts funktioniert mehr.<br>Wurden die Gelder alle f\u00fcr Beratung verbratzelt? <br>Das w\u00e4re unglaublich!<br><\/p>\n\n\n\n<p><\/p>\n\n\n\n<p><a href=\"https:\/\/www.bastel-bastel.de\/blog\/index.php\/2021\/09\/23\/die-cloud-ein-wolkenkuckucksheim\/\"><strong>12.4.2024 Microsoft, die Cloud und Passw\u00f6rter<\/strong><\/a><\/p>\n\n\n\n<figure class=\"wp-block-image size-large\"><a href=\"https:\/\/www.bastel-bastel.de\/blog\/index.php\/2021\/09\/23\/die-cloud-ein-wolkenkuckucksheim\/\"><img loading=\"lazy\" decoding=\"async\" width=\"1024\" height=\"768\" src=\"https:\/\/www.bastel-bastel.de\/blog\/wp-content\/uploads\/2022\/02\/20220210_100834-1024x768.jpg\" alt=\"\" class=\"wp-image-6814\" srcset=\"https:\/\/www.bastel-bastel.de\/blog\/wp-content\/uploads\/2022\/02\/20220210_100834-1024x768.jpg 1024w, https:\/\/www.bastel-bastel.de\/blog\/wp-content\/uploads\/2022\/02\/20220210_100834-300x225.jpg 300w, https:\/\/www.bastel-bastel.de\/blog\/wp-content\/uploads\/2022\/02\/20220210_100834-768x576.jpg 768w, https:\/\/www.bastel-bastel.de\/blog\/wp-content\/uploads\/2022\/02\/20220210_100834-1536x1152.jpg 1536w, https:\/\/www.bastel-bastel.de\/blog\/wp-content\/uploads\/2022\/02\/20220210_100834-2048x1536.jpg 2048w, https:\/\/www.bastel-bastel.de\/blog\/wp-content\/uploads\/2022\/02\/20220210_100834-600x450.jpg 600w\" sizes=\"auto, (max-width: 1024px) 100vw, 1024px\" \/><\/a><\/figure>\n\n\n\n<p>Schon wieder sind angeblich bei Microsoft Passw\u00f6rter und vertrauliche Daten ungesch\u00fctzt im Netz gestanden (Quelle: diverse Medien, z.B. Heise.de).<br>Schl\u00fcssel f\u00fcr Cloud-Server, Quellcode, Hinweise auf andere interessante Server.<br>Microsoft scheint &#8222;des Hackers Freund&#8220; zu sein, oder das sind alles nur Honey-Pots und das ist eine ganz raffinierte Falle.<br>Fr\u00fcher habe ich immer gewarnt, habe \u00fcber die verbreitete Naivit\u00e4t geschimpft, bin bel\u00e4chelt und ob meiner negativen Haltung verspottet worden.<br>Heute finde ich es nur noch erheiternd, wie die Welt sich immer wieder selbst ins Knie schiesst.<br>Sollte beispielsweise der Russland-Konflikt, oder das Taiwan-Problem sich ausdehnen, dann darf man gespannt sein, was alles pl\u00f6tzlich gehackt, geknackt und abgeschaltet wird.<br>Da d\u00fcrften einige ganz dumm schauen &#8211; vermutlich w\u00e4re das dann aber ganz und gar nicht lustig.<br><br>Bis dahin &#8211; es darf gelacht werden, \u00fcber die Naivit\u00e4t aller Anwender propriet\u00e4rer Software \ud83d\ude42<br>Und ein Foto f\u00fcr alle Betroffenen habe ich nat\u00fcrlich noch in meiner Sammlung:<\/p>\n\n\n\n<figure class=\"wp-block-image size-full\"><img loading=\"lazy\" decoding=\"async\" width=\"910\" height=\"1024\" src=\"https:\/\/www.bastel-bastel.de\/blog\/wp-content\/uploads\/2021\/09\/mitleid.jpg\" alt=\"\" class=\"wp-image-4858\" srcset=\"https:\/\/www.bastel-bastel.de\/blog\/wp-content\/uploads\/2021\/09\/mitleid.jpg 910w, https:\/\/www.bastel-bastel.de\/blog\/wp-content\/uploads\/2021\/09\/mitleid-267x300.jpg 267w, https:\/\/www.bastel-bastel.de\/blog\/wp-content\/uploads\/2021\/09\/mitleid-768x864.jpg 768w\" sizes=\"auto, (max-width: 910px) 100vw, 910px\" \/><\/figure>\n\n\n\n<p><br><br><a href=\"https:\/\/www.bastel-bastel.de\/blog\/index.php\/2021\/09\/23\/die-cloud-ein-wolkenkuckucksheim\/\"><strong><em>Was f\u00fcr ein Spass!<\/em><\/strong><\/a><\/p>\n\n\n\n<p><\/p>\n\n\n\n<p><\/p>\n\n\n\n<p><strong>9.4.2024 Die offizielle Polizeistatistik<\/strong><\/p>\n\n\n\n<figure class=\"wp-block-image size-large\"><img loading=\"lazy\" decoding=\"async\" width=\"783\" height=\"1024\" src=\"https:\/\/www.bastel-bastel.de\/blog\/wp-content\/uploads\/2021\/10\/20210926_173045-1-783x1024.jpg\" alt=\"\" class=\"wp-image-5559\" srcset=\"https:\/\/www.bastel-bastel.de\/blog\/wp-content\/uploads\/2021\/10\/20210926_173045-1-783x1024.jpg 783w, https:\/\/www.bastel-bastel.de\/blog\/wp-content\/uploads\/2021\/10\/20210926_173045-1-230x300.jpg 230w, https:\/\/www.bastel-bastel.de\/blog\/wp-content\/uploads\/2021\/10\/20210926_173045-1-768x1004.jpg 768w, https:\/\/www.bastel-bastel.de\/blog\/wp-content\/uploads\/2021\/10\/20210926_173045-1-1175x1536.jpg 1175w, https:\/\/www.bastel-bastel.de\/blog\/wp-content\/uploads\/2021\/10\/20210926_173045-1.jpg 1530w\" sizes=\"auto, (max-width: 783px) 100vw, 783px\" \/><\/figure>\n\n\n\n<p>Dass die \u00fcberhaupt noch ver\u00f6ffentlicht werden darf?<br>Da stehen Dinge drin, die man eigentlich nicht sagen darf.<br>Dabei wurde sie bereits &#8222;bereinigt&#8220;. N\u00e4heres \u00fcber die Reinigungsarbeiten ist allerdings nicht bekannt.<br>Viel kommentieren m\u00f6chte ich nicht, die Statistik spricht f\u00fcr sich selbst.<br>Sollte aber jeder mal anschauen. Ist interessant.<br>Hat man fr\u00fcher bei Rivalit\u00e4ten seine Kr\u00e4fte GEMESSEN, wird jetzt eben GEMESSERT.<br>Was so ein kleiner Buchstabe f\u00fcr einen gro\u00dfen Unterschied macht.<\/p>\n\n\n\n<p><\/p>\n\n\n\n<p><strong>9.4.2024 Augsburg will das Gasnetz abschaffen<\/strong><\/p>\n\n\n\n<p>Kein Scherz, sondern offizielle News: Augsburg will bis 2035 das st\u00e4dtische Gasnetz abschaffen!<\/p>\n\n\n\n<p>Heizen mit \u00d6l &#8211; verboten. Heizen mit Holz &#8211; soll verboten werden, auch mit Pellets.<br>Heizen mit Gas &#8211; nat\u00fcrlich wird das verboten!<br>Atomstrom ist sowieso weg.<br>Offensichtlich soll mit Strom geheizt werden. <br>Kann man machen, sollte man dann aber auch entsprechend mit erneuerbaren Energien produzieren und nicht mit Braunkohle.<br>Woher der Strom kommt, wenn Solarkraft ewige Genehmigungsorgien ben\u00f6tigt und Windr\u00e4der nicht erw\u00fcnscht, Speicher nicht gebaut sind? <br>Keine Ahnung. Der Strom kommt wohl aus der Steckdose!<br><br>Wie soll eigentlich dieser superduper Wasserstoff verteilt werden, wenn die Gasnetze zur\u00fcckgebaut werden und wozu ist der dann nochmal gut?<br>Gut, dass Gas nur zum Heizen ben\u00f6tigt wird, nicht etwa f\u00fcr industrielle Prozesse und als chemischer Grundstoff.<br>Das Heizen erledigt sich mit dem Klimawandel sowieso.<br>Die vielen Menschen, die sich in j\u00fcngster Zeit eine Gasheizung gekauft haben, werden sich sicher freuen.<br>In kalten Wintertagen heizen wir dann mit den warmen Worten unserer Politiker.<br><br>PS.: andere St\u00e4dte und Gemeinden planen \u00e4hnliches.<br>PPS.: angeblich ist die B\u00fcrgermeisterin dort keine Gr\u00fcne, sondern von der CDU.<br><br><em>Ein kleines Filmzitat aus Herr der Ringe: <strong>Flieht Ihr Narren!<\/strong><\/em><br><\/p>\n\n\n\n<p><strong>1.4.2024 Cannabis &#8211; illegal? legal? Scheissegal!<\/strong><\/p>\n\n\n\n<p>Die am schnellsten wachsende Pflanze der Welt!<br>Am 1.4.2024, 0:00 Uhr wurde die Droge legalisiert. <br>Bis 31.3.2024, 23:59:59 Uhr war die Droge illegal.<br>Am 1.4.2024, 0:00 Uhr trafen sich Hunderte vor dem Brandenburger Tor in Berlin, um den ersten legalen Joint zu rauchen.<br>Unfassbar, wie schnell es so eine Pflanze in Millisekunden zum fertig rauchbaren Kraut schaffte!<br>Da wird doch wohl niemand vorab illegal irgendwas dabei gehabt haben?<br>Nein, sicher nicht.<br>\u00dcbrigens: Wir werden ziemlich diskriminiert!<br>100m um Kinderg\u00e4rten ist das Zeug weiterhin verboten &#8211; und unser Haus steht gerade mal 30m vom Kindergarten entfernt. Das ist gemein! <br>Da muss ich weiter bei meinen Tomaten bleiben.<\/p>\n\n\n\n<figure class=\"wp-block-image size-large\"><img loading=\"lazy\" decoding=\"async\" width=\"768\" height=\"1024\" src=\"https:\/\/www.bastel-bastel.de\/blog\/wp-content\/uploads\/2021\/11\/IMG_3227-768x1024.jpg\" alt=\"\" class=\"wp-image-6028\" srcset=\"https:\/\/www.bastel-bastel.de\/blog\/wp-content\/uploads\/2021\/11\/IMG_3227-768x1024.jpg 768w, https:\/\/www.bastel-bastel.de\/blog\/wp-content\/uploads\/2021\/11\/IMG_3227-225x300.jpg 225w, https:\/\/www.bastel-bastel.de\/blog\/wp-content\/uploads\/2021\/11\/IMG_3227-1152x1536.jpg 1152w, https:\/\/www.bastel-bastel.de\/blog\/wp-content\/uploads\/2021\/11\/IMG_3227.jpg 1500w\" sizes=\"auto, (max-width: 768px) 100vw, 768px\" \/><\/figure>\n\n\n\n<p><a href=\"https:\/\/www.bastel-bastel.de\/blog\/index.php\/2024\/04\/01\/unterstuetztes-beduerfnis\/\">1.4.2024 Jochens Aprilscherz!<\/a><\/p>\n\n\n\n<figure class=\"wp-block-image size-large\"><img loading=\"lazy\" decoding=\"async\" width=\"867\" height=\"1024\" src=\"https:\/\/www.bastel-bastel.de\/blog\/wp-content\/uploads\/2024\/03\/wcxx-867x1024.png\" alt=\"\" class=\"wp-image-11532\" srcset=\"https:\/\/www.bastel-bastel.de\/blog\/wp-content\/uploads\/2024\/03\/wcxx-867x1024.png 867w, https:\/\/www.bastel-bastel.de\/blog\/wp-content\/uploads\/2024\/03\/wcxx-254x300.png 254w, https:\/\/www.bastel-bastel.de\/blog\/wp-content\/uploads\/2024\/03\/wcxx-768x907.png 768w, https:\/\/www.bastel-bastel.de\/blog\/wp-content\/uploads\/2024\/03\/wcxx.png 1219w\" sizes=\"auto, (max-width: 867px) 100vw, 867px\" \/><\/figure>\n\n\n\n<p>Der erste April fiel dieses Jahr auf Ostern (oder umgekehrt). <br>W\u00e4hrend die einen noch nach Eier suchten, ver\u00e4ppelten die anderen bereits ihre Mitmenschen. <br>Einmal im Jahr darf man das.<br><a href=\"https:\/\/www.bastel-bastel.de\/blog\/index.php\/2024\/04\/01\/unterstuetztes-beduerfnis\/\">Mein Aprilscherz war diesmal das KI-WC<\/a> &#8211; traurig nur, dass so etwas mancherorts eigentlich tats\u00e4chlich n\u00f6tig w\u00e4re.<\/p>\n\n\n\n<p><\/p>\n\n\n\n<img loading=\"lazy\" decoding=\"async\" src=\"https:\/\/vg08.met.vgwort.de\/na\/8d4407eb3e124f179a18a0c7a5cf1fda\" width=\"1\" height=\"1\" alt=\"\">\n\n\n\n<p><a href=\"https:\/\/www.bastel-bastel.de\/blog\/index.php\/2024\/01\/01\/dies-und-das-januar-februar-maerz-2024\/\">News von heute sind morgen schon von gestern, hier geht es zu den \u00e4lteren Beitr\u00e4gen&#8230;<\/a><\/p>\n\n\n\n<p><\/p>\n","protected":false},"excerpt":{"rendered":"<p>Hier gehts direkt zu www.ingersheimwetter.de \u2013 Hier gehts direkt zu www.ingersheimwetter.de Hier gehts direkt zu www.ingersheimwetter.de \u2013 Hier gehts direkt<\/p>\n","protected":false},"author":1,"featured_media":0,"comment_status":"open","ping_status":"0","sticky":false,"template":"","format":"standard","meta":{"footnotes":""},"categories":[278],"tags":[],"class_list":["post-11575","post","type-post","status-publish","format-standard","hentry","category-dies-und-das"],"_links":{"self":[{"href":"https:\/\/www.bastel-bastel.de\/blog\/index.php\/wp-json\/wp\/v2\/posts\/11575","targetHints":{"allow":["GET"]}}],"collection":[{"href":"https:\/\/www.bastel-bastel.de\/blog\/index.php\/wp-json\/wp\/v2\/posts"}],"about":[{"href":"https:\/\/www.bastel-bastel.de\/blog\/index.php\/wp-json\/wp\/v2\/types\/post"}],"author":[{"embeddable":true,"href":"https:\/\/www.bastel-bastel.de\/blog\/index.php\/wp-json\/wp\/v2\/users\/1"}],"replies":[{"embeddable":true,"href":"https:\/\/www.bastel-bastel.de\/blog\/index.php\/wp-json\/wp\/v2\/comments?post=11575"}],"version-history":[{"count":1,"href":"https:\/\/www.bastel-bastel.de\/blog\/index.php\/wp-json\/wp\/v2\/posts\/11575\/revisions"}],"predecessor-version":[{"id":11768,"href":"https:\/\/www.bastel-bastel.de\/blog\/index.php\/wp-json\/wp\/v2\/posts\/11575\/revisions\/11768"}],"wp:attachment":[{"href":"https:\/\/www.bastel-bastel.de\/blog\/index.php\/wp-json\/wp\/v2\/media?parent=11575"}],"wp:term":[{"taxonomy":"category","embeddable":true,"href":"https:\/\/www.bastel-bastel.de\/blog\/index.php\/wp-json\/wp\/v2\/categories?post=11575"},{"taxonomy":"post_tag","embeddable":true,"href":"https:\/\/www.bastel-bastel.de\/blog\/index.php\/wp-json\/wp\/v2\/tags?post=11575"}],"curies":[{"name":"wp","href":"https:\/\/api.w.org\/{rel}","templated":true}]}}