{"id":1099,"date":"2018-11-28T13:39:26","date_gmt":"2018-11-28T12:39:26","guid":{"rendered":"https:\/\/www.bastel-bastel.de\/blog\/?p=1099"},"modified":"2018-11-28T13:39:26","modified_gmt":"2018-11-28T12:39:26","slug":"jochens-wetterblog-am-29-11-2018","status":"publish","type":"post","link":"https:\/\/www.bastel-bastel.de\/blog\/index.php\/2018\/11\/28\/jochens-wetterblog-am-29-11-2018\/","title":{"rendered":"Jochens Wetterblog am 29.11.2018"},"content":{"rendered":"<p><strong>R\u00fcckblick<a href=\"https:\/\/www.bastel-bastel.de\/blog\/wp-content\/uploads\/2018\/11\/MG_4743.jpg\"><img loading=\"lazy\" decoding=\"async\" class=\"size-medium wp-image-1100 alignright\" src=\"https:\/\/www.bastel-bastel.de\/blog\/wp-content\/uploads\/2018\/11\/MG_4743-232x300.jpg\" alt=\"\" width=\"232\" height=\"300\" \/><\/a><\/strong><br \/>\nAm Mittwoch fr\u00fch war es mit -4\u00b0C winterlich kalt und auch Donnerstag und Freitag gab es Nachtfrost.\u00a0 Ab Samstag lagen die Tiefstwerte wieder knapp \u00fcber dem Gefrierpunkt.<br \/>\nTags\u00fcber stiegen die Werte nur am Samstag und Sonntag \u00fcber 10\u00b0C, ansonsten war es ganztags recht kalt. Der Mittwoch schaffte es auch tags\u00fcber nur knapp \u00fcber 2\u00b0C.<br \/>\nMorgens gab es Nebel und gefrorenen Reif. Der Nebel blieb teilweise den ganzen Tag oder stieg nur etwas h\u00f6her und ging in den Wolken auf. Mittwoch, Montag und Dienstag gab es dabei kein Durchkommen f\u00fcr die Sonne, es blieb tr\u00fcbe, dunkel und nebelig. Nebel und Wolken waren einfach zu dick. Donnerstag, Freitag und Sonntag dagegen herrschte nach Nebelaufl\u00f6sung den ganzen Tag\u00a0 sonniges aber k\u00fchles Herbstwetter. Es gab etwas Niederschlag. So richtig geregnet hat es aber nur am Montag, ansonsten fielen ab und an ein paar Tropfen. Der Wind war kaum zu sp\u00fcren, in B\u00f6en waren es nur um die 30km\/h.<br \/>\n&nbsp;<br \/>\n<strong>Ausblick<\/strong><br \/>\nEs wird wieder etwas w\u00e4rmer. Bis zum Sonntag k\u00f6nnen die Temperaturen tags\u00fcber bis 14\u00b0C steigen. Die Tiefstwerte steigen ebenfalls wieder an, f\u00fcr Montag soll der Tiefpunkt ebenfalls im zweistelligen Temperaturbereich liegen. Es wird unbest\u00e4ndig und regnerisch. Am Wochenende sollen dicke Wolken den Himmel bedecken und auch die neue Woche startet grau in grau.<\/p>\n","protected":false},"excerpt":{"rendered":"<p>R\u00fcckblick Am Mittwoch fr\u00fch war es mit -4\u00b0C winterlich kalt und auch Donnerstag und Freitag gab es Nachtfrost.\u00a0 Ab Samstag<\/p>\n","protected":false},"author":1,"featured_media":0,"comment_status":"closed","ping_status":"closed","sticky":false,"template":"","format":"standard","meta":{"footnotes":""},"categories":[21],"tags":[93,95,131,141,143,212],"class_list":["post-1099","post","type-post","status-publish","format-standard","hentry","category-wetter-der-blog-zu-www-ingersheimwetter-de","tag-freiberg","tag-frost","tag-ludwigsburg","tag-nebel","tag-november","tag-wetter","comments-off"],"_links":{"self":[{"href":"https:\/\/www.bastel-bastel.de\/blog\/index.php\/wp-json\/wp\/v2\/posts\/1099","targetHints":{"allow":["GET"]}}],"collection":[{"href":"https:\/\/www.bastel-bastel.de\/blog\/index.php\/wp-json\/wp\/v2\/posts"}],"about":[{"href":"https:\/\/www.bastel-bastel.de\/blog\/index.php\/wp-json\/wp\/v2\/types\/post"}],"author":[{"embeddable":true,"href":"https:\/\/www.bastel-bastel.de\/blog\/index.php\/wp-json\/wp\/v2\/users\/1"}],"replies":[{"embeddable":true,"href":"https:\/\/www.bastel-bastel.de\/blog\/index.php\/wp-json\/wp\/v2\/comments?post=1099"}],"version-history":[{"count":0,"href":"https:\/\/www.bastel-bastel.de\/blog\/index.php\/wp-json\/wp\/v2\/posts\/1099\/revisions"}],"wp:attachment":[{"href":"https:\/\/www.bastel-bastel.de\/blog\/index.php\/wp-json\/wp\/v2\/media?parent=1099"}],"wp:term":[{"taxonomy":"category","embeddable":true,"href":"https:\/\/www.bastel-bastel.de\/blog\/index.php\/wp-json\/wp\/v2\/categories?post=1099"},{"taxonomy":"post_tag","embeddable":true,"href":"https:\/\/www.bastel-bastel.de\/blog\/index.php\/wp-json\/wp\/v2\/tags?post=1099"}],"curies":[{"name":"wp","href":"https:\/\/api.w.org\/{rel}","templated":true}]}}