{"id":1086,"date":"2018-11-16T13:47:55","date_gmt":"2018-11-16T12:47:55","guid":{"rendered":"https:\/\/www.bastel-bastel.de\/blog\/?p=1086"},"modified":"2018-11-16T13:47:55","modified_gmt":"2018-11-16T12:47:55","slug":"jochens-wetterblog-am-8-11-2018","status":"publish","type":"post","link":"https:\/\/www.bastel-bastel.de\/blog\/index.php\/2018\/11\/16\/jochens-wetterblog-am-8-11-2018\/","title":{"rendered":"Jochens Wetterblog am 8.11.2018"},"content":{"rendered":"<p><strong>R\u00fcckblick<a href=\"https:\/\/www.bastel-bastel.de\/blog\/wp-content\/uploads\/2018\/11\/IMG_20181104_113351_2.jpg\"><img loading=\"lazy\" decoding=\"async\" class=\"size-medium wp-image-1087 alignright\" src=\"https:\/\/www.bastel-bastel.de\/blog\/wp-content\/uploads\/2018\/11\/IMG_20181104_113351_2-225x300.jpg\" alt=\"Saisonende Tripsdrill\" width=\"225\" height=\"300\" \/><\/a><\/strong><br \/>\nDauernebel und Sonnenschein lagen die letzte Woche sehr nahe beieinander. Wer Gl\u00fcck hatte konnte nach Aufl\u00f6sung des Fr\u00fchnebels sch\u00f6nstes Herbstwetter geniessen w\u00e4hrend nur einen Ort weiter den ganzen Tag tr\u00fcbes Wetter herrschte. Es gab sogar etwas Niederschlag. \u00dcber die Woche verteilt kam aber gerade mal 1l\/qm zusammen. Wenn es bis zum Jahresende so weiter geht wird 2018 bei uns als eines der trockensten und w\u00e4rmsten Jahre seit Beginn der Wetteraufzeichnung in die Statistik einziehen. Die Temperaturen stiegen tags\u00fcber auf Werte zwischen 12\u00b0C bei Nebel und 16\u00b0C wo die Sonne herauskam. Nachts ging es bei klarem Himmel bis auf 2\u00b0C runter, bei Wolken und Nebel blieb es deutlich w\u00e4rmer. Am Wochenende konnte man bei mildem und trockenen Wetter noch einmal schnell vor Saisonschluss die Freizeiteinrichtungen der Umgebung geniessen. Zusammengefasst war das eine Woche mit ruhigem Novemberwetter.<br \/>\n<strong>Ausblick<\/strong><br \/>\nBis zum Wochenende wird es unbest\u00e4ndig mit einem Mix aus Sonne, Wolken, Nebel und vielleicht auch etwas Niederschlag. Mit H\u00f6chsttemperaturen bis 16\u00b0C und Tiefstwerten um die 6\u00b0C ist das eher kein typisches Novemberwetter. Der Wind weht nur schwach. Kaum zu glauben da\u00df in 3 Wochen der Advent anf\u00e4ngt.<\/p>\n","protected":false},"excerpt":{"rendered":"<p>R\u00fcckblick Dauernebel und Sonnenschein lagen die letzte Woche sehr nahe beieinander. Wer Gl\u00fcck hatte konnte nach Aufl\u00f6sung des Fr\u00fchnebels sch\u00f6nstes<\/p>\n","protected":false},"author":1,"featured_media":0,"comment_status":"closed","ping_status":"closed","sticky":false,"template":"","format":"standard","meta":{"footnotes":""},"categories":[21],"tags":[107,141,212],"class_list":["post-1086","post","type-post","status-publish","format-standard","hentry","category-wetter-der-blog-zu-www-ingersheimwetter-de","tag-herbst","tag-nebel","tag-wetter","comments-off"],"_links":{"self":[{"href":"https:\/\/www.bastel-bastel.de\/blog\/index.php\/wp-json\/wp\/v2\/posts\/1086","targetHints":{"allow":["GET"]}}],"collection":[{"href":"https:\/\/www.bastel-bastel.de\/blog\/index.php\/wp-json\/wp\/v2\/posts"}],"about":[{"href":"https:\/\/www.bastel-bastel.de\/blog\/index.php\/wp-json\/wp\/v2\/types\/post"}],"author":[{"embeddable":true,"href":"https:\/\/www.bastel-bastel.de\/blog\/index.php\/wp-json\/wp\/v2\/users\/1"}],"replies":[{"embeddable":true,"href":"https:\/\/www.bastel-bastel.de\/blog\/index.php\/wp-json\/wp\/v2\/comments?post=1086"}],"version-history":[{"count":0,"href":"https:\/\/www.bastel-bastel.de\/blog\/index.php\/wp-json\/wp\/v2\/posts\/1086\/revisions"}],"wp:attachment":[{"href":"https:\/\/www.bastel-bastel.de\/blog\/index.php\/wp-json\/wp\/v2\/media?parent=1086"}],"wp:term":[{"taxonomy":"category","embeddable":true,"href":"https:\/\/www.bastel-bastel.de\/blog\/index.php\/wp-json\/wp\/v2\/categories?post=1086"},{"taxonomy":"post_tag","embeddable":true,"href":"https:\/\/www.bastel-bastel.de\/blog\/index.php\/wp-json\/wp\/v2\/tags?post=1086"}],"curies":[{"name":"wp","href":"https:\/\/api.w.org\/{rel}","templated":true}]}}