{"id":10797,"date":"2023-10-25T11:19:11","date_gmt":"2023-10-25T09:19:11","guid":{"rendered":"https:\/\/www.bastel-bastel.de\/blog\/?p=10797"},"modified":"2023-10-25T11:19:11","modified_gmt":"2023-10-25T09:19:11","slug":"jochens-wetterblog-am-26-10-2023","status":"publish","type":"post","link":"https:\/\/www.bastel-bastel.de\/blog\/index.php\/2023\/10\/25\/jochens-wetterblog-am-26-10-2023\/","title":{"rendered":"Jochens Wetterblog am 26.10.2023"},"content":{"rendered":"\n<figure class=\"wp-block-image size-large\"><img loading=\"lazy\" decoding=\"async\" width=\"766\" height=\"1024\" src=\"https:\/\/www.bastel-bastel.de\/blog\/wp-content\/uploads\/2023\/10\/PXL_20231022_095740061-766x1024.jpg\" alt=\"\" class=\"wp-image-10798\" srcset=\"https:\/\/www.bastel-bastel.de\/blog\/wp-content\/uploads\/2023\/10\/PXL_20231022_095740061-766x1024.jpg 766w, https:\/\/www.bastel-bastel.de\/blog\/wp-content\/uploads\/2023\/10\/PXL_20231022_095740061-224x300.jpg 224w, https:\/\/www.bastel-bastel.de\/blog\/wp-content\/uploads\/2023\/10\/PXL_20231022_095740061-768x1027.jpg 768w, https:\/\/www.bastel-bastel.de\/blog\/wp-content\/uploads\/2023\/10\/PXL_20231022_095740061-1149x1536.jpg 1149w, https:\/\/www.bastel-bastel.de\/blog\/wp-content\/uploads\/2023\/10\/PXL_20231022_095740061-1532x2048.jpg 1532w, https:\/\/www.bastel-bastel.de\/blog\/wp-content\/uploads\/2023\/10\/PXL_20231022_095740061-scaled.jpg 1915w\" sizes=\"auto, (max-width: 766px) 100vw, 766px\" \/><\/figure>\n\n\n\n<p><strong>R\u00fcckblick<\/strong><br>In den letzten Tagen gab es ein herbstliches Auf und Ab beim Wetter. Der Mittwoch startete mit k\u00fchlen 1 \u00b0C, w\u00e4hrend die Tiefstwerte am Samstag unter Wolken nur auf 12 \u00b0C absanken.<br>Tags\u00fcber lagen die Werte bei 12 \u00b0C am Mittwoch, stiegen am Wochenende auf angenehme 19 \u00b0C und am Dienstag waren es wieder nur 12 \u00b0C.<br>Donnerstag bis Samstag war es recht regnerisch. Insgesamt kamen in der Woche 16 l\/qm zusammen. Am Sonntag war dagegen herrliches Ausflugswetter.<\/p>\n\n\n\n<p>Der Wind erreichte in B\u00f6en bis 34 km\/h. Die Sonne machte sich in den letzten Tagen ziemlich rar. Am Samstag kam sie gar nicht durch die Wolken, an den anderen Tagen gerade mal 1-2 Stunden. Nur am Sonntag und Montag gab es jeweils um die 5 Sonnenstunden. Auf die Gesamtwoche kamen nur 16 Sonnenstunden zusammen.<br>Der Oktober ist bisher wie die Vormonate deutlich zu warm.<\/p>\n\n\n\n<p><strong>Ausblick<\/strong><\/p>\n\n\n\n<p>Die n\u00e4chsten Tage werden \u00fcberwiegend bew\u00f6lkt. Dabei kann  es immer mal wieder regnen. Es soll recht windig werden und mit  H\u00f6chstwerten bis maximal 14 \u00b0C f\u00fcr die Jahreszeit zu warm.<\/p>\n","protected":false},"excerpt":{"rendered":"<p>R\u00fcckblickIn den letzten Tagen gab es ein herbstliches Auf und Ab beim Wetter. Der Mittwoch startete mit k\u00fchlen 1 \u00b0C,<\/p>\n","protected":false},"author":1,"featured_media":0,"comment_status":"open","ping_status":"0","sticky":false,"template":"","format":"standard","meta":{"footnotes":""},"categories":[21],"tags":[],"class_list":["post-10797","post","type-post","status-publish","format-standard","hentry","category-wetter-der-blog-zu-www-ingersheimwetter-de"],"_links":{"self":[{"href":"https:\/\/www.bastel-bastel.de\/blog\/index.php\/wp-json\/wp\/v2\/posts\/10797","targetHints":{"allow":["GET"]}}],"collection":[{"href":"https:\/\/www.bastel-bastel.de\/blog\/index.php\/wp-json\/wp\/v2\/posts"}],"about":[{"href":"https:\/\/www.bastel-bastel.de\/blog\/index.php\/wp-json\/wp\/v2\/types\/post"}],"author":[{"embeddable":true,"href":"https:\/\/www.bastel-bastel.de\/blog\/index.php\/wp-json\/wp\/v2\/users\/1"}],"replies":[{"embeddable":true,"href":"https:\/\/www.bastel-bastel.de\/blog\/index.php\/wp-json\/wp\/v2\/comments?post=10797"}],"version-history":[{"count":1,"href":"https:\/\/www.bastel-bastel.de\/blog\/index.php\/wp-json\/wp\/v2\/posts\/10797\/revisions"}],"predecessor-version":[{"id":10799,"href":"https:\/\/www.bastel-bastel.de\/blog\/index.php\/wp-json\/wp\/v2\/posts\/10797\/revisions\/10799"}],"wp:attachment":[{"href":"https:\/\/www.bastel-bastel.de\/blog\/index.php\/wp-json\/wp\/v2\/media?parent=10797"}],"wp:term":[{"taxonomy":"category","embeddable":true,"href":"https:\/\/www.bastel-bastel.de\/blog\/index.php\/wp-json\/wp\/v2\/categories?post=10797"},{"taxonomy":"post_tag","embeddable":true,"href":"https:\/\/www.bastel-bastel.de\/blog\/index.php\/wp-json\/wp\/v2\/tags?post=10797"}],"curies":[{"name":"wp","href":"https:\/\/api.w.org\/{rel}","templated":true}]}}