{"id":10109,"date":"2023-05-31T12:31:06","date_gmt":"2023-05-31T10:31:06","guid":{"rendered":"https:\/\/www.bastel-bastel.de\/blog\/?p=10109"},"modified":"2023-05-31T12:31:07","modified_gmt":"2023-05-31T10:31:07","slug":"jochens-wetterblog-am-1-6-2023","status":"publish","type":"post","link":"https:\/\/www.bastel-bastel.de\/blog\/index.php\/2023\/05\/31\/jochens-wetterblog-am-1-6-2023\/","title":{"rendered":"Jochens Wetterblog am 1.6.2023"},"content":{"rendered":"\n<figure class=\"wp-block-image size-large\"><img loading=\"lazy\" decoding=\"async\" width=\"768\" height=\"1024\" src=\"https:\/\/www.bastel-bastel.de\/blog\/wp-content\/uploads\/2023\/05\/20230529_104740-768x1024.jpg\" alt=\"\" class=\"wp-image-10110\" srcset=\"https:\/\/www.bastel-bastel.de\/blog\/wp-content\/uploads\/2023\/05\/20230529_104740-768x1024.jpg 768w, https:\/\/www.bastel-bastel.de\/blog\/wp-content\/uploads\/2023\/05\/20230529_104740-225x300.jpg 225w, https:\/\/www.bastel-bastel.de\/blog\/wp-content\/uploads\/2023\/05\/20230529_104740-1152x1536.jpg 1152w, https:\/\/www.bastel-bastel.de\/blog\/wp-content\/uploads\/2023\/05\/20230529_104740-1536x2048.jpg 1536w, https:\/\/www.bastel-bastel.de\/blog\/wp-content\/uploads\/2023\/05\/20230529_104740-scaled.jpg 1920w\" sizes=\"auto, (max-width: 768px) 100vw, 768px\" \/><\/figure>\n\n\n\n<p><strong>R\u00fcckblick<\/strong><\/p>\n\n\n\n<p>Der Mai wird seinem Ruf als Wonnemonat doch noch gerecht und verabschiedet sich mit herrlichem Sommerwetter.<\/p>\n\n\n\n<p>Seit Freitag war jeder Tag ein Sommertag. <br>Der Montag brachte uns mit knapp 28 \u00b0C die h\u00f6chste Temperatur.<br>Der Wind erreichte in B\u00f6en bis 34 km\/h. <br>Da es immer leichte Luftbewegung gab, waren die hohen Temperaturen recht angenehm und f\u00fchlten sich an, wie ein Tag am Meer.<\/p>\n\n\n\n<p>Niederschlag gab es die ganze Woche nicht und trotz des nassen und k\u00fchlen Wetters zum Monatsbeginn war der Mai bisher insgesamt deutlich zu trocken und mehr als 2 Grad w\u00e4rmer als normal.<br>Morgens war es manchmal etwas diesig, aber insgesamt gab es Sonne satt. <br>82 Sonnenstunden kamen zusammen. Das ist eine ganze Menge. Freitag bis Montag waren es t\u00e4glich jeweils fast 14 Stunden Sonnenschein &#8211; Urlaubs- und Badewetter von fr\u00fch bis sp\u00e4t.<\/p>\n\n\n\n<p>In den N\u00e4chten k\u00fchlte es aber jeweils deutlich ab. <br>Teilweise sanken die Temperaturen bis auf einstellige Werte.<\/p>\n\n\n\n<p><\/p>\n\n\n\n<p><strong>Ausblick<\/strong><\/p>\n\n\n\n<p>F\u00fcr die n\u00e4chsten Tage sind weiterhin Temperaturen bis 27 \u00b0C angek\u00fcndigt und es soll viel Sonnenschein, wenig Wolken und keinen Niederschlag geben. <br>Erst ab Sonntag k\u00f6nnen vereinzelt Wolken aufziehen. Nachts bleiben die Werte im zweistelligen Bereich.<\/p>\n\n\n\n<p>Bis zu 15 Sonnenstunden t\u00e4glich verhei\u00dfen sch\u00f6nes Sommerwetter &#8211; Sonnenschutz nicht vergessen!<\/p>\n","protected":false},"excerpt":{"rendered":"<p>R\u00fcckblick Der Mai wird seinem Ruf als Wonnemonat doch noch gerecht und verabschiedet sich mit herrlichem Sommerwetter. Seit Freitag war<\/p>\n","protected":false},"author":1,"featured_media":0,"comment_status":"open","ping_status":"","sticky":false,"template":"","format":"standard","meta":{"footnotes":""},"categories":[21],"tags":[],"class_list":["post-10109","post","type-post","status-publish","format-standard","hentry","category-wetter-der-blog-zu-www-ingersheimwetter-de"],"_links":{"self":[{"href":"https:\/\/www.bastel-bastel.de\/blog\/index.php\/wp-json\/wp\/v2\/posts\/10109","targetHints":{"allow":["GET"]}}],"collection":[{"href":"https:\/\/www.bastel-bastel.de\/blog\/index.php\/wp-json\/wp\/v2\/posts"}],"about":[{"href":"https:\/\/www.bastel-bastel.de\/blog\/index.php\/wp-json\/wp\/v2\/types\/post"}],"author":[{"embeddable":true,"href":"https:\/\/www.bastel-bastel.de\/blog\/index.php\/wp-json\/wp\/v2\/users\/1"}],"replies":[{"embeddable":true,"href":"https:\/\/www.bastel-bastel.de\/blog\/index.php\/wp-json\/wp\/v2\/comments?post=10109"}],"version-history":[{"count":1,"href":"https:\/\/www.bastel-bastel.de\/blog\/index.php\/wp-json\/wp\/v2\/posts\/10109\/revisions"}],"predecessor-version":[{"id":10111,"href":"https:\/\/www.bastel-bastel.de\/blog\/index.php\/wp-json\/wp\/v2\/posts\/10109\/revisions\/10111"}],"wp:attachment":[{"href":"https:\/\/www.bastel-bastel.de\/blog\/index.php\/wp-json\/wp\/v2\/media?parent=10109"}],"wp:term":[{"taxonomy":"category","embeddable":true,"href":"https:\/\/www.bastel-bastel.de\/blog\/index.php\/wp-json\/wp\/v2\/categories?post=10109"},{"taxonomy":"post_tag","embeddable":true,"href":"https:\/\/www.bastel-bastel.de\/blog\/index.php\/wp-json\/wp\/v2\/tags?post=10109"}],"curies":[{"name":"wp","href":"https:\/\/api.w.org\/{rel}","templated":true}]}}